[{"@context":"https:\/\/schema.org\/","@type":"Article","@id":"https:\/\/www.cortar.cz\/tak-si-na-to-posvitime\/#Article","mainEntityOfPage":"https:\/\/www.cortar.cz\/tak-si-na-to-posvitime\/","headline":"Tak si na to posv\u00edt\u00edme","name":"Tak si na to posv\u00edt\u00edme","description":"Osv\u011btlen\u00ed pracovi\u0161t\u011b, a\u0165 u\u017e se jedn\u00e1 o tov\u00e1rn\u00ed, d\u00edlensk\u00e9, \u010di kancel\u00e1\u0159sk\u00e9 prostory, mus\u00ed odpov\u00eddat platn\u00fdm norm\u00e1m a pravidl\u016fm. P\u0159edev\u0161\u00edm jde<a class=\"read-more\" href=\"https:\/\/www.cortar.cz\/tak-si-na-to-posvitime\/\">Continue reading<\/a>","datePublished":"2018-09-02","dateModified":"2023-06-05","author":{"@type":"Person","@id":"https:\/\/www.cortar.cz\/author\/#Person","name":"","url":"https:\/\/www.cortar.cz\/author\/","identifier":1,"image":{"@type":"ImageObject","@id":"https:\/\/secure.gravatar.com\/avatar\/1aa4d33840e2afc29128e2a456d425ca0d17b173c888af2db652b1d34fe6f93d?s=96&d=mm&r=g","url":"https:\/\/secure.gravatar.com\/avatar\/1aa4d33840e2afc29128e2a456d425ca0d17b173c888af2db652b1d34fe6f93d?s=96&d=mm&r=g","height":96,"width":96}},"publisher":{"@type":"Organization","name":"cortar.cz","logo":{"@type":"ImageObject","@id":"\/logo.png","url":"\/logo.png","width":600,"height":60}},"image":{"@type":"ImageObject","@id":"https:\/\/www.cortar.cz\/wp-content\/uploads\/img_a326144_w2592_t1538246103.jpg","url":"https:\/\/www.cortar.cz\/wp-content\/uploads\/img_a326144_w2592_t1538246103.jpg","height":0,"width":0},"url":"https:\/\/www.cortar.cz\/tak-si-na-to-posvitime\/","wordCount":649,"articleBody":"Osv\u011btlen\u00ed pracovi\u0161t\u011b, a\u0165 u\u017e se jedn\u00e1 o tov\u00e1rn\u00ed, d\u00edlensk\u00e9, \u010di kancel\u00e1\u0159sk\u00e9 prostory, mus\u00ed odpov\u00eddat platn\u00fdm norm\u00e1m a pravidl\u016fm. P\u0159edev\u0161\u00edm jde o intenzitu sv\u011btla z hlediska posouzen\u00ed bezpe\u010dnosti pr\u00e1ce. Norma pamatuje na optim\u00e1ln\u00ed hodnotu vyj\u00e1d\u0159enou v luxech a podle ned\u00e1vno zji\u0161t\u011bn\u00fdch kontroln\u00edch m\u011b\u0159en\u00ed techniky bezpe\u010dnosti pr\u00e1ce do\u0161lo ve v\u00edce ne\u017e polovin\u011b n\u00e1hodn\u011b vybran\u00fdch objekt\u016f k poru\u0161ov\u00e1n\u00ed bezpe\u010dnostn\u00edch p\u0159edpis\u016f. V\u011bt\u0161inou byla zji\u0161t\u011bna intenzita sv\u011btla ne ni\u017e\u0161\u00ed, ale vy\u0161\u0161\u00ed, ne\u017e povoluje norma. Mnoh\u00e1 pracovi\u0161t\u011b tak doslova osl\u0148uj\u00ed pracovn\u00edky v manu\u00e1ln\u00edch provozech i v kancel\u00e1\u0159\u00edch intenzitou sv\u011btla vy\u0161\u0161\u00ed ne\u017e 5000 lux\u016f . Lid\u00e9 jsou n\u00e1chyln\u011bj\u0161\u00ed na bolesti hlavy a o\u010d\u00ed, jsou v\u00edce nesoust\u0159ed\u011bn\u00ed na pr\u00e1ci, rychleji se unav\u00ed, nepod\u00e1vaj\u00ed optim\u00e1ln\u00ed pracovn\u00ed v\u00fdkon a doprov\u00e1z\u00ed je mnohdy i za\u017e\u00edvac\u00ed probl\u00e9my. Vina je pak svalov\u00e1na na zam\u011bstnance, kte\u0159\u00ed si nejsou schopni plnit sv\u00e9 pracovn\u00ed povinnosti, doch\u00e1z\u00ed ke zbyte\u010dn\u00e9 fluktuaci, \u010d\u00edm\u017e se probl\u00e9m nevy\u0159e\u0161\u00ed. Ohleduplnost v\u016f\u010di ostatn\u00edm V souvislosti s osv\u011btlen\u00edm kancel\u00e1\u0159\u00ed se lid\u00e9 \u010dasto pot\u00fdkaj\u00ed s nedostatkem soukrom\u00ed a bezohlednost\u00ed sv\u00fdch koleg\u016f. Na p\u0159elomu 80. a 90. let, kdy bylo zvykem obsadit kancel\u00e1\u0159e ve dvou nebo ve t\u0159ech lidech, byly um\u00edst\u011bny stoly v\u011bt\u0161inou bl\u00edzko sebe a korekce um\u011bl\u00e9ho sv\u011btla v\u016f\u010di p\u0159irozen\u00e9mu denn\u00edmu sv\u011btlu z oken byla snadn\u00e1, kolegov\u00e9 se v\u011bt\u0161inou snadno shodli, kdy sv\u00edtit, a kdy ne. V posledn\u00edch patn\u00e1cti letech se v\u0161ak v \u010cesku rozmohl vzor p\u0159evzat\u00fd ze z\u00e1mo\u0159\u00ed \u2013 obrovsk\u00e9 plochy kancel\u00e1\u0159sk\u00fdch prostor zapln\u011bn\u00e9 des\u00edtkami lid\u00ed v k\u00f3j\u00edch odd\u011blen\u00fdch paravany, bez dostate\u010dn\u00e9ho soukrom\u00ed. Ti, kte\u0159\u00ed tu sed\u00ed u oken, vn\u00edmaj\u00ed necitliv\u011b um\u011bl\u00e9 osv\u011btlen\u00ed jako n\u011bco ru\u0161iv\u00e9ho, naopak ti uprost\u0159ed haly jej vy\u017eaduj\u00ed, jinak by na pr\u00e1ci nevid\u011bli. V\u011bt\u0161inou se tyto prostory osv\u011btluj\u00ed centr\u00e1ln\u00edm stropn\u00edm sv\u00edtidlem typu n\u011bkolika \u0159ad z\u00e1\u0159ivkov\u00fdch sv\u011btel. Podle statistik zat\u00edm st\u00e1le p\u0159evl\u00e1d\u00e1 po\u010det \u00fazkospektr\u00e1ln\u00edch z\u00e1\u0159ivek a jen n\u011bkte\u0159\u00ed lid\u00e9 maj\u00ed \u0161t\u011bst\u00ed, \u017ee mohou pracovat pod plnospektr\u00e1ln\u00edm osv\u011btlen\u00edm. \u0160patn\u00e1 kvalita osv\u011btlen\u00ed a p\u0159edev\u0161\u00edm p\u0159\u00edli\u0161 vysok\u00e1 intenzita sv\u011btla je dnes jedn\u00edm ze stresov\u00fdch faktor\u016f, kter\u00e9 lidem zbyte\u010dn\u011b zp\u016fsobuj\u00ed zdravotn\u00ed probl\u00e9my a zkracuj\u00ed \u017eivot. Plnospektr\u00e1ln\u00ed sv\u011btlo Na trhu osv\u011btlovac\u00ed techniky nejde o \u017e\u00e1dnou novinku, p\u0159esto ji lid\u00e9 pova\u017euj\u00ed sp\u00ed\u0161e za zbyte\u010dn\u00fd p\u0159e\u017eitek, nav\u00edc drah\u00fd a nedostupn\u00fd. Pravdou je, \u017ee ceny takov\u00fdch \u017e\u00e1rovek a z\u00e1\u0159ivkov\u00fdch trubic p\u0159evy\u0161uj\u00ed b\u011b\u017en\u00e9 zdroje, ale markantn\u00ed rozd\u00edl v kvalit\u011b osvitu pozn\u00e1te teprve tehdy, kdy se pod takov\u00e9 sv\u011btlo posad\u00edte a str\u00e1v\u00edte pod n\u00edm sv\u016fj pracovn\u00ed den. Pokuste se sv\u016fj \u017eivot posunout n\u011bkam d\u00e1l a vyu\u017eijte t\u00e9to technologie, kter\u00e1 je n\u00e1m ku prosp\u011bchu. Princip tohoto osv\u011btlen\u00ed tkv\u00ed v tom, \u017ee se p\u0159ibli\u017euje p\u0159irozen\u00e9mu spektru slune\u010dn\u00edho z\u00e1\u0159en\u00ed a tak\u0159ka nahrazuje denn\u00ed sv\u011btlo. Jak\u00e9 jsou jeho hlavn\u00ed p\u0159ednosti? Oddaluje \u00fanavu, vn\u00edm\u00e1n\u00ed barev nen\u00ed zkreslen\u00e9, p\u0159isp\u00edv\u00e1 k lep\u0161\u00ed pohod\u011b na pracovi\u0161ti, eliminuje podzimn\u00ed a zimn\u00ed deprese, zklid\u0148uje hyperaktivitu, m\u00edrn\u00ed agresivitu, zlep\u0161uje pracovn\u00ed v\u00fdkonnost a p\u0159isp\u00edv\u00e1 k lep\u0161\u00ed zrakov\u00e9 ostrosti. Z\u00e1rove\u0148 respektuje biologick\u00e9 hodiny, zejm\u00e9na v dopoledn\u00edch hodin\u00e1ch nejvy\u0161\u0161\u00ed pracovn\u00ed aktivity.                                                                                                                                                                                                                                                                                                                                                                                         4.6\/5 - (5 votes)        "},{"@context":"https:\/\/schema.org\/","@type":"BreadcrumbList","itemListElement":[{"@type":"ListItem","position":1,"name":"Tak si na to posv\u00edt\u00edme","item":"https:\/\/www.cortar.cz\/tak-si-na-to-posvitime\/#breadcrumbitem"}]}]