[{"@context":"https:\/\/schema.org\/","@type":"Article","@id":"https:\/\/www.cortar.cz\/stresni-nosice-pro-vsechny-kdo-potrebuji-zvetsit-ulozny-prostor-sveho-auta\/#Article","mainEntityOfPage":"https:\/\/www.cortar.cz\/stresni-nosice-pro-vsechny-kdo-potrebuji-zvetsit-ulozny-prostor-sveho-auta\/","headline":"St\u0159e\u0161n\u00ed nosi\u010de pro v\u0161echny, kdo pot\u0159ebuj\u00ed zv\u011bt\u0161it \u00falo\u017en\u00fd prostor sv\u00e9ho auta","name":"St\u0159e\u0161n\u00ed nosi\u010de pro v\u0161echny, kdo pot\u0159ebuj\u00ed zv\u011bt\u0161it \u00falo\u017en\u00fd prostor sv\u00e9ho auta","description":"U\u017eijte si od certifikovan\u00e9ho dodavatele kvalitn\u00ed st\u0159e\u0161n\u00ed nosi\u010de, kter\u00e9 jsou u\u017eivateli jednozna\u010dn\u011b pozitivn\u011b hodnoceny. Oslovte pro z\u00edsk\u00e1n\u00ed produktu, j\u00edm\u017e jsou<a class=\"read-more\" href=\"https:\/\/www.cortar.cz\/stresni-nosice-pro-vsechny-kdo-potrebuji-zvetsit-ulozny-prostor-sveho-auta\/\">Continue reading<\/a>","datePublished":"2025-01-27","dateModified":"2025-01-27","author":{"@type":"Person","@id":"https:\/\/www.cortar.cz\/author\/#Person","name":"","url":"https:\/\/www.cortar.cz\/author\/","identifier":1,"image":{"@type":"ImageObject","@id":"https:\/\/secure.gravatar.com\/avatar\/1aa4d33840e2afc29128e2a456d425ca0d17b173c888af2db652b1d34fe6f93d?s=96&d=mm&r=g","url":"https:\/\/secure.gravatar.com\/avatar\/1aa4d33840e2afc29128e2a456d425ca0d17b173c888af2db652b1d34fe6f93d?s=96&d=mm&r=g","height":96,"width":96}},"publisher":{"@type":"Organization","name":"cortar.cz","logo":{"@type":"ImageObject","@id":"\/logo.png","url":"\/logo.png","width":600,"height":60}},"url":"https:\/\/www.cortar.cz\/stresni-nosice-pro-vsechny-kdo-potrebuji-zvetsit-ulozny-prostor-sveho-auta\/","wordCount":170,"articleBody":"U\u017eijte si od certifikovan\u00e9ho dodavatele kvalitn\u00ed st\u0159e\u0161n\u00ed nosi\u010de, kter\u00e9 jsou u\u017eivateli jednozna\u010dn\u011b pozitivn\u011b hodnoceny.Oslovte pro z\u00edsk\u00e1n\u00ed produktu, j\u00edm\u017e jsou st\u0159e\u0161n\u00ed nosi\u010de centrum zaveden\u00e9ho prodeje profesion\u00e1ln\u00ed v\u00fdbavy, kter\u00e1 je v t\u00e9to oblasti t\u00edm nejlep\u0161\u00edm, co v\u00fdvoj\u00e1\u0159i vytvo\u0159ili v souvislosti se zaji\u0161t\u011bn\u00edm komfortu p\u0159ev\u00e1\u017een\u00ed libovoln\u00e9ho n\u00e1\u0159ad\u00ed. P\u0159edev\u0161\u00edm sportovn\u00ed n\u00e1\u010din\u00ed jednodu\u0161e a rychle p\u0159evezete z m\u00edsta na m\u00edsto. Sta\u010d\u00ed pouze kolo, ly\u017ee nebo jin\u00e9 instrument pohodln\u011b upevnit na nosn\u00edky, kter\u00e9 lze jednodu\u0161e namontovat na st\u0159echu Va\u0161eho automobilu. V pom\u011bru kvalita zna\u010dkov\u00e9ho produktu a cena bude specializovan\u00fd prodejce v\u017edy v\u00edt\u011bzit.Profesion\u00e1ln\u00ed v\u00fdroba a prodejPostavte se do c\u00edlov\u00e9 rovinky a zakupte luxusn\u00ed st\u0159e\u0161n\u00ed nosi\u010de, za n\u011b\u017e V\u00e1m profesion\u00e1ln\u00ed prodejce poskytne exkluzivn\u00ed servis a p\u0159\u00edjemn\u00e9 cenov\u00e9 podm\u00ednky.                                                                                                                                                                                                                                                                                                                                                                                                "},{"@context":"https:\/\/schema.org\/","@type":"BreadcrumbList","itemListElement":[{"@type":"ListItem","position":1,"name":"St\u0159e\u0161n\u00ed nosi\u010de pro v\u0161echny, kdo pot\u0159ebuj\u00ed zv\u011bt\u0161it \u00falo\u017en\u00fd prostor sv\u00e9ho auta","item":"https:\/\/www.cortar.cz\/stresni-nosice-pro-vsechny-kdo-potrebuji-zvetsit-ulozny-prostor-sveho-auta\/#breadcrumbitem"}]}]