[{"@context":"https:\/\/schema.org\/","@type":"Article","@id":"https:\/\/www.cortar.cz\/s-kvalitnimi-latemi-pro-vas-bude-vsechno-v-poradku\/#Article","mainEntityOfPage":"https:\/\/www.cortar.cz\/s-kvalitnimi-latemi-pro-vas-bude-vsechno-v-poradku\/","headline":"S kvalitn\u00edmi lat\u011bmi pro v\u00e1s bude v\u0161echno v po\u0159\u00e1dku","name":"S kvalitn\u00edmi lat\u011bmi pro v\u00e1s bude v\u0161echno v po\u0159\u00e1dku","description":"Jestli jste i vy jedn\u00edm z t\u011bch lid\u00ed kte\u0159\u00ed se sna\u017e\u00ed o to, aby m\u011bli v po\u0159\u00e1dku bydlen\u00ed, je pro<a class=\"read-more\" href=\"https:\/\/www.cortar.cz\/s-kvalitnimi-latemi-pro-vas-bude-vsechno-v-poradku\/\">Continue reading<\/a>","datePublished":"2016-11-05","dateModified":"2023-06-02","author":{"@type":"Person","@id":"https:\/\/www.cortar.cz\/author\/#Person","name":"","url":"https:\/\/www.cortar.cz\/author\/","identifier":1,"image":{"@type":"ImageObject","@id":"https:\/\/secure.gravatar.com\/avatar\/1aa4d33840e2afc29128e2a456d425ca0d17b173c888af2db652b1d34fe6f93d?s=96&d=mm&r=g","url":"https:\/\/secure.gravatar.com\/avatar\/1aa4d33840e2afc29128e2a456d425ca0d17b173c888af2db652b1d34fe6f93d?s=96&d=mm&r=g","height":96,"width":96}},"publisher":{"@type":"Organization","name":"cortar.cz","logo":{"@type":"ImageObject","@id":"\/logo.png","url":"\/logo.png","width":600,"height":60}},"url":"https:\/\/www.cortar.cz\/s-kvalitnimi-latemi-pro-vas-bude-vsechno-v-poradku\/","about":["D\u016fm a zahrada"],"wordCount":412,"articleBody":" Jestli jste i vy jedn\u00edm z t\u011bch lid\u00ed kte\u0159\u00ed se sna\u017e\u00ed o to, aby m\u011bli v po\u0159\u00e1dku bydlen\u00ed, je pro v\u00e1s spr\u00e1vn\u00e9 to, m\u00edt perfektn\u00ed st\u0159echu. Jde o to, aby v\u00e1m vydr\u017eela velmi dlouhou dobu a abyste se nemuseli b\u00e1t, \u017ee byste m\u011bli pot\u00ed\u017ee s t\u00edm, \u017ee by do n\u00ed bylo nutn\u00e9 neust\u00e1le investovat. Jestli ji chcete i vy rekonstruovat, je pro v\u00e1s velmi d\u016fle\u017eit\u00e9 to, abyste m\u011bli modern\u00ed st\u0159e\u0161n\u00ed lat\u011b. Dnes je jich na trhu velk\u00e9 mno\u017estv\u00ed, a proto byste se m\u011bli poradit s n\u011bk\u00fdm, kdo se v tomto oboru pohybuje dlouhou dobu a kdo v\u00ed, jak v\u00e1m pomoci. Dostanete d\u00edky tomu skv\u011bl\u00e9 informace a budete si jist\u00ed, \u017ee jsou pro v\u00e1s spr\u00e1vn\u00e9. M\u016f\u017eete si vybrat hned z n\u011bkolika velikost\u00ed. T\u011bmi nejobvyklej\u0161\u00edmi jsou rozm\u011bry 30&#215;50 a 40&#215;60. M\u011bli byste se o nich poradit a zajistit si tak to, \u017ee jste si vybrali ten typ, kter\u00fd spln\u00ed dozajista va\u0161e po\u017eadavky na nosnost. Nav\u00edc by se nem\u011blo st\u00e1t, \u017ee by p\u0159i spr\u00e1vn\u00e9m v\u00fdb\u011bru vznikaly n\u011bjak\u00e9 pot\u00ed\u017ee ohledn\u011b instalace nebo \u017ee by trvala dlouhou dobu. Projekt bude spr\u00e1vn\u011b pokra\u010dovat a v\u0161echny term\u00edny tak budou dodr\u017eeny bez pot\u00ed\u017e\u00ed.&#13; &#13; &#13; Jde o to, aby byly kvalitn\u011b chemicky o\u0161et\u0159eny&#13; &#13; P\u0159i jejich v\u00fdb\u011bru byste se nem\u011bli d\u00edvat pouze na to, jak\u00fd maj\u00ed rozm\u011br, ale i na to, aby byly vysoce kvalitn\u011b o\u0161et\u0159eny. D\u00edky tomu, \u017ee na n\u011b budou vyu\u017eity l\u00e1tky, kter\u00e9 jsou k tomu ur\u010den\u00e9, se nestane, \u017ee by je napadli \u0161k\u016fdci, a proto bude jejich \u017eivotnost velmi dlouh\u00e1. Nav\u00edc jsou dnes chr\u00e1n\u011bny i proti tomu, \u017ee by je snadno pohltily plameny. D\u00edky tomu bude v\u00e1\u0161 d\u016fm po rekonstrukci bezpe\u010dn\u011bj\u0161\u00ed a bude pro v\u00e1s naprosto bez pot\u00ed\u017e\u00ed. I vy se dohodn\u011bte s n\u011bk\u00fdm, kdo v\u00e1m je dod\u00e1v\u00e1 na takov\u00e9 spolupr\u00e1ci, kterou chcete. Nebudete se muset b\u00e1t, \u017ee by v\u00e1m \u0161patn\u011b poradil nebo \u017ee by pro v\u00e1s nebyla spolupr\u00e1ce takov\u00e1, jakou ji m\u00edt chcete. Nav\u00edc budete zn\u00e1t i v\u0161echny n\u00e1klady a budete s nimi od za\u010d\u00e1tku po\u010d\u00edtat.                                                                                                                                                                                                                                                                                                                                                                                        3.7\/5 - (8 votes)        "},{"@context":"https:\/\/schema.org\/","@type":"BreadcrumbList","itemListElement":[{"@type":"ListItem","position":1,"name":"S kvalitn\u00edmi lat\u011bmi pro v\u00e1s bude v\u0161echno v po\u0159\u00e1dku","item":"https:\/\/www.cortar.cz\/s-kvalitnimi-latemi-pro-vas-bude-vsechno-v-poradku\/#breadcrumbitem"}]}]