[{"@context":"https:\/\/schema.org\/","@type":"Article","@id":"https:\/\/www.cortar.cz\/rodicovska-dovolena-ano-ci-ne\/#Article","mainEntityOfPage":"https:\/\/www.cortar.cz\/rodicovska-dovolena-ano-ci-ne\/","headline":"Rodi\u010dovsk\u00e1 dovolen\u00e1 \u2013 ano \u010di ne?","name":"Rodi\u010dovsk\u00e1 dovolen\u00e1 \u2013 ano \u010di ne?","description":"Mo\u017en\u00e1 se to na prvn\u00ed pohled nezd\u00e1, ale v\u00a0\u00favodu uv\u00e1d\u011bn\u00e9 ot\u00e1zka nen\u00ed c\u00edlen\u00e1 jednozna\u010dn\u011b na \u017eeny. Vzhledem k\u00a0tomu, k\u00a0jak\u00fdm pr\u00e1vn\u00edm<a class=\"read-more\" href=\"https:\/\/www.cortar.cz\/rodicovska-dovolena-ano-ci-ne\/\">Continue reading<\/a>","datePublished":"2023-06-05","dateModified":"2023-06-05","author":{"@type":"Person","@id":"https:\/\/www.cortar.cz\/author\/#Person","name":"","url":"https:\/\/www.cortar.cz\/author\/","identifier":1,"image":{"@type":"ImageObject","@id":"https:\/\/secure.gravatar.com\/avatar\/1aa4d33840e2afc29128e2a456d425ca0d17b173c888af2db652b1d34fe6f93d?s=96&d=mm&r=g","url":"https:\/\/secure.gravatar.com\/avatar\/1aa4d33840e2afc29128e2a456d425ca0d17b173c888af2db652b1d34fe6f93d?s=96&d=mm&r=g","height":96,"width":96}},"publisher":{"@type":"Organization","name":"cortar.cz","logo":{"@type":"ImageObject","@id":"\/logo.png","url":"\/logo.png","width":600,"height":60}},"image":{"@type":"ImageObject","@id":"https:\/\/www.cortar.cz\/wp-content\/uploads\/img_a295214_w2215_t1506760142.jpg","url":"https:\/\/www.cortar.cz\/wp-content\/uploads\/img_a295214_w2215_t1506760142.jpg","height":0,"width":0},"url":"https:\/\/www.cortar.cz\/rodicovska-dovolena-ano-ci-ne\/","wordCount":452,"articleBody":"Mo\u017en\u00e1 se to na prvn\u00ed pohled nezd\u00e1, ale v\u00a0\u00favodu uv\u00e1d\u011bn\u00e9 ot\u00e1zka nen\u00ed c\u00edlen\u00e1 jednozna\u010dn\u011b na \u017eeny. Vzhledem k\u00a0tomu, k\u00a0jak\u00fdm pr\u00e1vn\u00edm \u00faprav\u00e1m t\u00fdkaj\u00edc\u00edm se rodi\u010dovstv\u00ed v\u00a0\u010cesk\u00e9 republice v\u00a0nov\u00e9m mil\u00e9niu do\u0161lu se jedn\u00e1 o ot\u00e1zku sm\u011b\u0159ovanou na oba rodi\u010de d\u00edt\u011bte \u2013 otce i matku. Na rozd\u00edl od mate\u0159sk\u00e9 dovolen\u00e9, kter\u00e1 je ur\u010den\u00e1 v\u00fdhradn\u011b biologick\u00e9 matce d\u00edt\u011bte po jeho porodu a je pom\u011brn\u011b kr\u00e1tk\u00e9ho trv\u00e1n\u00ed, rodi\u010dovsk\u00e1 dovolen\u00e9 (je\u017e m\u016f\u017ee trvat i n\u011bkolik let) m\u016f\u017ee b\u00fdt \u010derp\u00e1na nikoli v\u00fdhradn\u011b matkou, ale v\u00a0p\u0159\u00edpad\u011b z\u00e1jmu m\u00e1 tuto mo\u017enost vyu\u017e\u00edt i otec narozen\u00e9ho potomka.\u00a0\tSkute\u010dn\u00e1 rovnopr\u00e1vnostI kdy\u017e sm\u011brem k\u00a0\u017een\u00e1m zrovnopr\u00e1v\u0148uj\u00edc\u00ed akty mohou pokulh\u00e1vat, zejm\u00e9na co do sv\u00e9 rychlosti v\u00a0zaveden\u00ed a vym\u00e1h\u00e1n\u00ed aplikace v\u00a0b\u011b\u017en\u00e9 praxi. Ov\u0161em ze strany otc\u016f doznala \u010desk\u00e1 legislativa skute\u010dn\u011b velk\u00fdch zm\u011bn. Tyto zm\u011bny spo\u010d\u00edvaj\u00ed v\u00a0tom, \u017ee po narozen\u00ed d\u00edt\u011bte nemus\u00ed b\u00fdt n\u011bkolik let prim\u00e1rn\u00ed pe\u010duj\u00edc\u00ed osobou o jeho blahou pouze \u017eena \u2013 matka, ale po vz\u00e1jemn\u00e9 domluv\u011b s\u00a0partnerem se mohou novope\u010den\u00ed rodi\u010de rozhodnout o tom, kter\u00fd z\u00a0nich bude s\u00a0d\u00edt\u011btem setrv\u00e1vat doma v\u00a0prvn\u00edch letech jeho \u017eivota.Podobnou mo\u017enost lze skute\u010dn\u011b uv\u00edtat, jeliko\u017e ne v\u0161echny \u017eeny tou\u017e\u00ed po tom b\u00fdt \u201euv\u00e1z\u00e1ny\u201c doma dva, t\u0159i \u010di v\u00edce let a n\u011bkter\u00e9 \u017eeny dokonce p\u0159in\u00e1\u0161ej\u00ed do rodinn\u00e9ho rozpo\u010dtu vy\u0161\u0161\u00ed finan\u010dn\u00ed obnos, jeho\u017e ztr\u00e1ta by pro rodinu znamenala v\u00fdznamn\u00fd pokles \u017eivotn\u00ed \u00farovn\u011b. Pr\u00e1v\u011b pro takov\u00e9 p\u0159\u00edpady je mo\u017enost setrv\u00e1n\u00ed partnera nam\u00edsto \u017eeny na \u201emate\u0159sk\u00e9\u201c skute\u010dn\u011b skv\u011blou alternativou.\u00a0A\u0165 u\u017e je tedy vz\u00e1jemn\u00e9 postaven\u00ed mu\u017e\u016f a \u017een u n\u00e1s jak\u00e9koli, s\u00a0ohledem na blaho d\u011bt\u00ed je mo\u017en\u00e9 konstatovat, \u017ee st\u00e1t p\u0159eci jen byl schopen dosp\u011bt k\u00a0rozhodnut\u00ed, kter\u00e9 d\u00e1v\u00e1 rodi\u010d\u016fm v\u011bt\u0161\u00ed mo\u017enost k\u00a0rozhodov\u00e1n\u00ed o blahu sv\u00fdch potomk\u016f, co\u017e je nutn\u00e9 kvitovat t\u00e9\u017e jako pozitivn\u00ed krok na cest\u011b k\u00a0genderov\u00e9 rovnosti obou pohlav\u00ed.\u00a0A jak to m\u00e1te s\u00a0p\u00e9\u010d\u00ed o d\u011bti Vy samy? Byly byste ochotn\u00e9 p\u0159enechat sv\u00e9 m\u00edsto vedle d\u00edt\u011bte jeho otcia samy nam\u00edsto ka\u017edodenn\u00ed p\u00e9\u010de o d\u00edt\u011b doch\u00e1zely do zam\u011bstn\u00e1n\u00ed, kter\u00e9 jste vykon\u00e1valy p\u0159ed porodem?                                                                                                                                                                                                                                                                                                                                                                                        3.9\/5 - (9 votes)        "},{"@context":"https:\/\/schema.org\/","@type":"BreadcrumbList","itemListElement":[{"@type":"ListItem","position":1,"name":"Rodi\u010dovsk\u00e1 dovolen\u00e1 \u2013 ano \u010di ne?","item":"https:\/\/www.cortar.cz\/rodicovska-dovolena-ano-ci-ne\/#breadcrumbitem"}]}]