[{"@context":"https:\/\/schema.org\/","@type":"Article","@id":"https:\/\/www.cortar.cz\/prijemny-vecer-s-prateli\/#Article","mainEntityOfPage":"https:\/\/www.cortar.cz\/prijemny-vecer-s-prateli\/","headline":"P\u0159\u00edjemn\u00fd ve\u010der s p\u0159\u00e1teli","name":"P\u0159\u00edjemn\u00fd ve\u010der s p\u0159\u00e1teli","description":"K sobotn\u00edmu ve\u010deru pat\u0159\u00ed p\u0159\u00edjemn\u00e9 posezen\u00ed s p\u0159\u00e1teli nebo po\u0159\u00e1dn\u00e1 party, o kter\u00e9 se budou je\u0161t\u011b dlouhou dobu pov\u00eddat. Pokud<a class=\"read-more\" href=\"https:\/\/www.cortar.cz\/prijemny-vecer-s-prateli\/\">Continue reading<\/a>","datePublished":"2025-03-16","dateModified":"2025-03-16","author":{"@type":"Person","@id":"https:\/\/www.cortar.cz\/author\/#Person","name":"","url":"https:\/\/www.cortar.cz\/author\/","identifier":1,"image":{"@type":"ImageObject","@id":"https:\/\/secure.gravatar.com\/avatar\/1aa4d33840e2afc29128e2a456d425ca0d17b173c888af2db652b1d34fe6f93d?s=96&d=mm&r=g","url":"https:\/\/secure.gravatar.com\/avatar\/1aa4d33840e2afc29128e2a456d425ca0d17b173c888af2db652b1d34fe6f93d?s=96&d=mm&r=g","height":96,"width":96}},"publisher":{"@type":"Organization","name":"cortar.cz","logo":{"@type":"ImageObject","@id":"\/logo.png","url":"\/logo.png","width":600,"height":60}},"url":"https:\/\/www.cortar.cz\/prijemny-vecer-s-prateli\/","wordCount":174,"articleBody":"K sobotn\u00edmu ve\u010deru pat\u0159\u00ed p\u0159\u00edjemn\u00e9 posezen\u00ed s p\u0159\u00e1teli nebo po\u0159\u00e1dn\u00e1 party, o kter\u00e9 se budou je\u0161t\u011b dlouhou dobu pov\u00eddat. Pokud si chcete zajistit kvalitn\u00ed hudebn\u00ed doprovod, pak byste m\u011bli vyu\u017e\u00edt r\u00e1dio online. Proto\u017ee v\u0161ichni moder\u00e1to\u0159i v\u011bd\u00ed, co chcete v tento ve\u010der poslouchat za tane\u010dn\u00ed muziku, tak v\u00e1m z n\u00ed to nejlep\u0161\u00ed poskytnou. Posezen\u00ed u v\u00e1s doma Po\u0159\u00e1d\u00e1te p\u011bkn\u00e9 posezen\u00ed u v\u00e1s doma pro sv\u00e9 p\u0159\u00e1tele. Nava\u0159ili jste dobr\u00e9 j\u00eddlo, cel\u00fd byt uklidili a te\u010f v\u00e1m sch\u00e1z\u00ed jen za\u0159\u00eddit n\u011bjakou kulisu, aby se zabr\u00e1nilo trapn\u00e9mu tichu, kdyby n\u011bjak\u00e9 nastalo. S r\u00e1diem online budete p\u0159i t\u00e9to p\u0159\u00edle\u017eitosti velmi spokojeni. Sami si zvol\u00edte, kterou hudebn\u00ed stanici chcete poslouchat a co se v\u00e1m bude l\u00edbit. Po cel\u00fd ve\u010der se v\u00e1m nestane, \u017ee byste museli stanici p\u0159ep\u00ednat nebo se o ni v\u016fbec starat.                                                                                                                                                                                                                                                                                                                                                                                                "},{"@context":"https:\/\/schema.org\/","@type":"BreadcrumbList","itemListElement":[{"@type":"ListItem","position":1,"name":"P\u0159\u00edjemn\u00fd ve\u010der s p\u0159\u00e1teli","item":"https:\/\/www.cortar.cz\/prijemny-vecer-s-prateli\/#breadcrumbitem"}]}]