[{"@context":"https:\/\/schema.org\/","@type":"Article","@id":"https:\/\/www.cortar.cz\/prenechte-uklid-profesionalum\/#Article","mainEntityOfPage":"https:\/\/www.cortar.cz\/prenechte-uklid-profesionalum\/","headline":"P\u0159enechte \u00faklid profesion\u00e1l\u016fm","name":"P\u0159enechte \u00faklid profesion\u00e1l\u016fm","description":"A\u017e na p\u00e1r v\u00fdjimek v\u011bt\u0161ina lid\u00ed ukl\u00edzen\u00ed nem\u00e1 r\u00e1da. Nejedn\u00e1 se sice v\u011bt\u0161inou o nic nam\u00e1hav\u00e9ho, ale stejn\u011b to nic,<a class=\"read-more\" href=\"https:\/\/www.cortar.cz\/prenechte-uklid-profesionalum\/\">Continue reading<\/a>","datePublished":"2019-03-18","dateModified":"2023-06-05","author":{"@type":"Person","@id":"https:\/\/www.cortar.cz\/author\/#Person","name":"","url":"https:\/\/www.cortar.cz\/author\/","identifier":1,"image":{"@type":"ImageObject","@id":"https:\/\/secure.gravatar.com\/avatar\/1aa4d33840e2afc29128e2a456d425ca0d17b173c888af2db652b1d34fe6f93d?s=96&d=mm&r=g","url":"https:\/\/secure.gravatar.com\/avatar\/1aa4d33840e2afc29128e2a456d425ca0d17b173c888af2db652b1d34fe6f93d?s=96&d=mm&r=g","height":96,"width":96}},"publisher":{"@type":"Organization","name":"cortar.cz","logo":{"@type":"ImageObject","@id":"\/logo.png","url":"\/logo.png","width":600,"height":60}},"image":{"@type":"ImageObject","@id":"https:\/\/www.cortar.cz\/wp-content\/uploads\/img_a340426_w2241_t1553417549.jpg","url":"https:\/\/www.cortar.cz\/wp-content\/uploads\/img_a340426_w2241_t1553417549.jpg","height":0,"width":0},"url":"https:\/\/www.cortar.cz\/prenechte-uklid-profesionalum\/","wordCount":421,"articleBody":"\tA\u017e na p\u00e1r v\u00fdjimek v\u011bt\u0161ina lid\u00ed ukl\u00edzen\u00ed nem\u00e1 r\u00e1da. Nejedn\u00e1 se sice v\u011bt\u0161inou o nic nam\u00e1hav\u00e9ho, ale stejn\u011b to nic, z\u00a0\u010deho bychom sk\u00e1kali t\u0159i metry do vzduchu. I proto dnes existuje cel\u00e1 \u0159ada firem, kter\u00e9 o\u010distu dom\u00e1cnost\u00ed nebo t\u0159eba firemn\u00edch kancel\u00e1\u0159\u00ed vezme na sv\u00e1 bedra. V p\u0159\u00edpad\u011b, \u017ee i vy m\u00e1te probl\u00e9m dostate\u010dn\u011b efektivn\u011b se navodit k ukl\u00edzen\u00ed, m\u016f\u017eete slu\u017eby jedn\u00e9 takov\u00e9 firmy vyzkou\u0161et na vlastn\u00ed k\u016f\u017ei. Tato volba sk\u00fdt\u00e1 sv\u00e9 v\u00fdhody, ale samoz\u0159ejm\u011b tak\u00e9 i n\u011bjak\u00e9 ty nev\u00fdhody.\tV\u00fdhody i nev\u00fdhodyT\u00edm prvn\u00edm negativem jsou ur\u010dit\u011b pen\u00edze. Ve v\u011bt\u0161in\u011b p\u0159\u00edpad\u016f nejde o \u017e\u00e1dn\u00e9 velk\u00e9 sumy, ale pokud m\u00e1te hluboko do kapsy, asi si rozmysl\u00edte vyhazovat sv\u00e9 t\u011b\u017ece vyd\u011blan\u00e9 pen\u00edze za kdeco. Druhou nev\u00fdhodou m\u016f\u017ee b\u00fdt \u0161patn\u00fd pocit ze ztr\u00e1ty soukrom\u00ed. P\u0159eci jen k v\u00e1m p\u0159ijde naprosto ciz\u00ed \u010dlov\u011bk, kter\u00fd b\u011bhem \u00faklidu m\u016f\u017ee o v\u00e1s a va\u0161ich nejbli\u017e\u0161\u00ed zjistit celou \u0159adu zaj\u00edmavosti. V p\u0159\u00edpad\u011b, \u017ee se p\u0159es to nedok\u00e1\u017eete dostat, nejsp\u00ed\u0161e asi budete muset ukl\u00edzet sami. D\u00e1le u\u017e ale existuj\u00ed pouze sam\u00e1 pozitiva.Hlavn\u00edm d\u016fvodem, pro\u010d si v\u011bt\u0161ina lid\u00ed objedn\u00e1v\u00e1 profesion\u00e1ln\u00ed \u00faklid je \u010das, respektive jeho nedostatek. Plno lid\u00ed dnes tr\u00e1v\u00ed cel\u00e9 dny v pr\u00e1ci, p\u0159\u00edpadn\u011b se pak je\u0161t\u011b staraj\u00ed o d\u011bti, a tud\u00ed\u017e nemaj\u00ed dostate\u010dn\u00e9 mno\u017estv\u00ed \u010dasu ani sil na to, aby si doma ud\u011blali po\u0159\u00e1dek.Nespornou v\u00fdhodou vyu\u017eit\u00ed profesion\u00e1l\u016f je rovn\u011b\u017e kvalita samotn\u00e9ho \u00faklidu. Tyto specializovan\u00e9 firmy obvykle zam\u011bstn\u00e1vaj\u00ed kvalitn\u00ed pracovn\u00edky, kte\u0159\u00ed um\u00ed vz\u00edt za pr\u00e1ci. D\u00edky tomu bude va\u0161e dom\u00e1cnost v\u017edy po \u00faklidu z\u00e1\u0159it \u010distotou. Neplat\u00ed to samoz\u0159ejm\u011b poka\u017ed\u00e9, v\u017edy se najde n\u011bjak\u00e1 \u010dern\u00e1 ovce, ale obecn\u011b se d\u00e1 \u0159\u00edci, \u017ee profesion\u00e1ln\u00ed \u00faklid lze poznat na prvn\u00ed dobrou.V\u00fdhodn\u00e9 tak\u00e9 je, \u017ee si m\u016f\u017eete objednat, co p\u0159esn\u011b chcete uklidit. M\u016f\u017eete tak nap\u0159\u00edklad p\u0159edat starost o \u0161pinavou troubu nebo toaletu n\u011bkomu jin\u00e9mu, kter\u00fd se o to dob\u0159e postar\u00e1. Konec konc\u016f, je to v z\u00e1jmu \u00faklidov\u00e9 firmy, jej\u00ed\u017e slu\u017eby si objedn\u00e1te. \u0160patn\u00e9 reference by j\u00ed asi neprosp\u011bly.                                                                                                                                                                                                                                                                                                                                                                                        4.2\/5 - (8 votes)        "},{"@context":"https:\/\/schema.org\/","@type":"BreadcrumbList","itemListElement":[{"@type":"ListItem","position":1,"name":"P\u0159enechte \u00faklid profesion\u00e1l\u016fm","item":"https:\/\/www.cortar.cz\/prenechte-uklid-profesionalum\/#breadcrumbitem"}]}]