[{"@context":"https:\/\/schema.org\/","@type":"Article","@id":"https:\/\/www.cortar.cz\/ploty-na-miru\/#Article","mainEntityOfPage":"https:\/\/www.cortar.cz\/ploty-na-miru\/","headline":"Ploty na m\u00edru","name":"Ploty na m\u00edru","description":"Od doby, kdy za\u010dal prav\u011bk\u00fd \u010dlov\u011bk \u017e\u00edt trochu jin\u00fdm zp\u016fsobem a u\u017e netvo\u0159il se sv\u00fdmi soukmenovci tlupy, za\u010dal s nejv\u011bt\u0161\u00ed<a class=\"read-more\" href=\"https:\/\/www.cortar.cz\/ploty-na-miru\/\">Continue reading<\/a>","datePublished":"2018-02-26","dateModified":"2023-06-05","author":{"@type":"Person","@id":"https:\/\/www.cortar.cz\/author\/#Person","name":"","url":"https:\/\/www.cortar.cz\/author\/","identifier":1,"image":{"@type":"ImageObject","@id":"https:\/\/secure.gravatar.com\/avatar\/1aa4d33840e2afc29128e2a456d425ca0d17b173c888af2db652b1d34fe6f93d?s=96&d=mm&r=g","url":"https:\/\/secure.gravatar.com\/avatar\/1aa4d33840e2afc29128e2a456d425ca0d17b173c888af2db652b1d34fe6f93d?s=96&d=mm&r=g","height":96,"width":96}},"publisher":{"@type":"Organization","name":"cortar.cz","logo":{"@type":"ImageObject","@id":"\/logo.png","url":"\/logo.png","width":600,"height":60}},"image":{"@type":"ImageObject","@id":"https:\/\/www.cortar.cz\/wp-content\/uploads\/img_a309478_w2158_t1520421041.jpg","url":"https:\/\/www.cortar.cz\/wp-content\/uploads\/img_a309478_w2158_t1520421041.jpg","height":0,"width":0},"url":"https:\/\/www.cortar.cz\/ploty-na-miru\/","about":["N\u00e1kupy"],"wordCount":393,"articleBody":" Od doby, kdy za\u010dal prav\u011bk\u00fd \u010dlov\u011bk \u017e\u00edt trochu jin\u00fdm zp\u016fsobem a u\u017e netvo\u0159il se sv\u00fdmi soukmenovci tlupy, za\u010dal s nejv\u011bt\u0161\u00ed pravd\u011bpodobnost\u00ed \u0159e\u0161it i ochranu sv\u00e9ho majetku. Do t\u00e9 doby to bylo jist\u011b zbyte\u010dn\u00e9, proto\u017ee v\u0161e pat\u0159ilo v\u0161em, a tud\u00ed\u017e nebyl d\u016fvod, aby si p\u0159ed ostatn\u00edmi sv\u016fj majetek n\u011bjak\u00fdm zp\u016fsobem chr\u00e1nil. Obavy sp\u00ed\u0161e panovaly z divok\u00e9 zv\u011b\u0159e. Postupem doby se tedy lid\u00e9 rozd\u011blili podle rodin a u\u017e nastal probl\u00e9m.&#13; Soused nahl\u00ed\u017eel k sousedovi v touze zjistit, copak si to po\u0159\u00eddil nov\u00e9ho.&#13; &#13; Modern\u00ed \u010dlov\u011bk u\u017e se tedy bez vhodn\u00e9ho oplocen\u00ed neobejde.&#13; &#13; Jestli\u017ee bydl\u00edte v rodinn\u00e9m domku, ke kter\u00e9mu pat\u0159\u00ed i kus pozemku, ur\u010dit\u011b m\u00e1te kolem n\u011bho plot. Tento prvek v\u0161ak nenajdeme pouze u dom\u016f, ale sv\u00e9 vyu\u017eit\u00ed na\u0161el i v jin\u00fdch prost\u0159ed\u00edch.&#13; Ochrana tenisov\u00fdch kurt\u016f&#13; Sta\u010d\u00ed se rozhl\u00e9dnout kolem sebe a uvid\u00edte plot na ka\u017ed\u00e9m kroku. Oplocen\u00ed vyu\u017e\u00edvaj\u00ed i majitel\u00e9 nebo provozovatel\u00e9 r\u016fzn\u00fdch sportovi\u0161\u0165. Nap\u0159\u00edklad tenisov\u00e1 h\u0159i\u0161t\u011b. Pr\u00e1v\u011b v t\u011bchto prostor\u00e1ch je vhodn\u00e1 ochrana d\u016fle\u017eit\u00e1 ze t\u0159\u00ed hledisek.&#13; V dob\u011b, kdy na kurtech nejsou sportovci a ani \u017e\u00e1dn\u00fd zodpov\u011bdn\u00fd spr\u00e1vce, nem\u016f\u017ee sem nikdo nezvan\u00fd vniknout a zp\u016fsobit nep\u0159\u00edjemn\u00e9 \u0161kody.&#13; &#13; Pokud jste n\u011bkdy hr\u00e1li tenis, pak v\u00edte, jak se \u010dlov\u011bk nab\u011bh\u00e1 za m\u00ed\u010dkem. Hlavn\u011b, pokud tuto hru provozuje opravdu pouze v\u00edkendov\u011b a nen\u00ed p\u0159\u00edli\u0161 tr\u00e9novan\u00fd.&#13; &#13; Pokud se kurty nach\u00e1zej\u00ed v bl\u00edzkosti silnice, mohl by let\u00edc\u00ed m\u00ed\u010dek zp\u016fsobit i v\u00e1\u017enou dopravn\u00ed nehodu.&#13; &#13; N\u011bkte\u0159\u00ed v\u00fdrobci se rozhodli produkovat sv\u00e9 v\u00fdrobky p\u0159\u00edmo na m\u00edru a p\u0159\u00edmo pro dan\u00fd \u00fa\u010del. M\u016f\u017eete si tedy vybrat nap\u0159\u00edklad pr\u00e1v\u011b tenisov\u00e9 pletivo, kter\u00e9 je ur\u010den\u00e9 k ochran\u011b kurt\u016f a h\u0159i\u0161\u0165.&#13; Jedn\u00e1 se o v\u00fdrobek, kter\u00fd se vyzna\u010duje&#13;&#13; p\u0159\u00edrodn\u011b a p\u0159\u00edjemn\u011b zelenou barvou&#13; &#13; v\u00fd\u0161kou, kter\u00e1 je t\u0159i sta centimetr\u016f&#13; &#13; velikost\u00ed ok, jen\u017e \u010din\u00ed 45&#215;45 milimetr\u016f&#13; &#13; dr\u00e1tem o pr\u016fm\u011bru 2,70 milimetr\u016f.&#13; &#13; &#13; Tento druh speci\u00e1ln\u00edho pletiva je vyroben ze zinku a PVC.                                                                                                                                                                                                                                                                                                                                                                                        4.7\/5 - (10 votes)        "},{"@context":"https:\/\/schema.org\/","@type":"BreadcrumbList","itemListElement":[{"@type":"ListItem","position":1,"name":"Ploty na m\u00edru","item":"https:\/\/www.cortar.cz\/ploty-na-miru\/#breadcrumbitem"}]}]