{"@context":"https:\/\/schema.org\/","@type":"CollectionPage","@id":"https:\/\/www.cortar.cz\/online\/#CollectionPage","headline":"Online Category","description":"","url":"https:\/\/www.cortar.cz\/online\/","hasPart":[{"@type":"Article","@id":"https:\/\/www.cortar.cz\/sverte-montaz-noveho-nabytku-profesionalum\/","headline":"Sv\u011b\u0159te mont\u00e1\u017e nov\u00e9ho n\u00e1bytku profesion\u00e1l\u016fm","url":"https:\/\/www.cortar.cz\/sverte-montaz-noveho-nabytku-profesionalum\/","datePublished":"2024-06-10","dateModified":"2024-06-10","mainEntityOfPage":"https:\/\/www.cortar.cz\/sverte-montaz-noveho-nabytku-profesionalum\/","author":{"@type":"Person","@id":"https:\/\/www.cortar.cz\/author\/#Person","name":"","url":"https:\/\/www.cortar.cz\/author\/","identifier":1,"image":{"@type":"ImageObject","@id":"https:\/\/secure.gravatar.com\/avatar\/1aa4d33840e2afc29128e2a456d425ca0d17b173c888af2db652b1d34fe6f93d?s=96&d=mm&r=g","url":"https:\/\/secure.gravatar.com\/avatar\/1aa4d33840e2afc29128e2a456d425ca0d17b173c888af2db652b1d34fe6f93d?s=96&d=mm&r=g","height":96,"width":96}},"publisher":{"@type":"Organization","name":"cortar.cz","logo":{"@type":"ImageObject","@id":"\/logo.png","url":"\/logo.png","width":600,"height":60}},"image":{"@type":"ImageObject","@id":"https:\/\/www.cortar.cz\/wp-content\/uploads\/da-guojing-6888603_640_5.jpg","url":"https:\/\/www.cortar.cz\/wp-content\/uploads\/da-guojing-6888603_640_5.jpg","height":0,"width":0},"keywords":null},{"@type":"Article","@id":"https:\/\/www.cortar.cz\/ma-mzdy-praha-skutecne-vyssi-nez-jine-regiony\/","headline":"M\u00e1 mzdy Praha skute\u010dn\u011b vy\u0161\u0161\u00ed ne\u017e jin\u00e9 regiony?","url":"https:\/\/www.cortar.cz\/ma-mzdy-praha-skutecne-vyssi-nez-jine-regiony\/","datePublished":"2023-11-14","dateModified":"2023-12-20","mainEntityOfPage":"https:\/\/www.cortar.cz\/ma-mzdy-praha-skutecne-vyssi-nez-jine-regiony\/","author":{"@type":"Person","@id":"https:\/\/www.cortar.cz\/author\/#Person","name":"","url":"https:\/\/www.cortar.cz\/author\/","identifier":1,"image":{"@type":"ImageObject","@id":"https:\/\/secure.gravatar.com\/avatar\/1aa4d33840e2afc29128e2a456d425ca0d17b173c888af2db652b1d34fe6f93d?s=96&d=mm&r=g","url":"https:\/\/secure.gravatar.com\/avatar\/1aa4d33840e2afc29128e2a456d425ca0d17b173c888af2db652b1d34fe6f93d?s=96&d=mm&r=g","height":96,"width":96}},"publisher":{"@type":"Organization","name":"cortar.cz","logo":{"@type":"ImageObject","@id":"\/logo.png","url":"\/logo.png","width":600,"height":60}},"image":{"@type":"ImageObject","@id":"https:\/\/www.cortar.cz\/wp-content\/uploads\/Praha1_10_3.jpg","url":"https:\/\/www.cortar.cz\/wp-content\/uploads\/Praha1_10_3.jpg","height":0,"width":0},"keywords":null},{"@type":"Article","@id":"https:\/\/www.cortar.cz\/kvalitni-agentura\/","headline":"Kvalitn\u00ed agentura","url":"https:\/\/www.cortar.cz\/kvalitni-agentura\/","datePublished":"2023-11-12","dateModified":"2023-12-18","mainEntityOfPage":"https:\/\/www.cortar.cz\/kvalitni-agentura\/","author":{"@type":"Person","@id":"https:\/\/www.cortar.cz\/author\/#Person","name":"","url":"https:\/\/www.cortar.cz\/author\/","identifier":1,"image":{"@type":"ImageObject","@id":"https:\/\/secure.gravatar.com\/avatar\/1aa4d33840e2afc29128e2a456d425ca0d17b173c888af2db652b1d34fe6f93d?s=96&d=mm&r=g","url":"https:\/\/secure.gravatar.com\/avatar\/1aa4d33840e2afc29128e2a456d425ca0d17b173c888af2db652b1d34fe6f93d?s=96&d=mm&r=g","height":96,"width":96}},"publisher":{"@type":"Organization","name":"cortar.cz","logo":{"@type":"ImageObject","@id":"\/logo.png","url":"\/logo.png","width":600,"height":60}},"image":{"@type":"ImageObject","@id":"https:\/\/www.cortar.cz\/wp-content\/uploads\/shop-805536_1280_2.jpg","url":"https:\/\/www.cortar.cz\/wp-content\/uploads\/shop-805536_1280_2.jpg","height":0,"width":0},"keywords":null},{"@type":"Article","@id":"https:\/\/www.cortar.cz\/reflexni-masaze-propagujte-na-svem-webu\/","headline":"Reflexn\u00ed mas\u00e1\u017ee propagujte na sv\u00e9m webu","url":"https:\/\/www.cortar.cz\/reflexni-masaze-propagujte-na-svem-webu\/","datePublished":"2023-03-30","dateModified":"2023-03-30","mainEntityOfPage":"https:\/\/www.cortar.cz\/reflexni-masaze-propagujte-na-svem-webu\/","author":{"@type":"Person","@id":"https:\/\/www.cortar.cz\/author\/#Person","name":"","url":"https:\/\/www.cortar.cz\/author\/","identifier":1,"image":{"@type":"ImageObject","@id":"https:\/\/secure.gravatar.com\/avatar\/1aa4d33840e2afc29128e2a456d425ca0d17b173c888af2db652b1d34fe6f93d?s=96&d=mm&r=g","url":"https:\/\/secure.gravatar.com\/avatar\/1aa4d33840e2afc29128e2a456d425ca0d17b173c888af2db652b1d34fe6f93d?s=96&d=mm&r=g","height":96,"width":96}},"publisher":{"@type":"Organization","name":"cortar.cz","logo":{"@type":"ImageObject","@id":"\/logo.png","url":"\/logo.png","width":600,"height":60}},"image":{"@type":"ImageObject","@id":"https:\/\/www.cortar.cz\/wp-content\/uploads\/seo-g314b5fe10_640.jpg","url":"https:\/\/www.cortar.cz\/wp-content\/uploads\/seo-g314b5fe10_640.jpg","height":0,"width":0},"keywords":null},{"@type":"Article","@id":"https:\/\/www.cortar.cz\/na-cem-ve-vasem-satniku-se-nevyplati-setrit\/","headline":"Na \u010dem ve va\u0161em \u0161atn\u00edku se nevyplat\u00ed \u0161et\u0159it?","url":"https:\/\/www.cortar.cz\/na-cem-ve-vasem-satniku-se-nevyplati-setrit\/","datePublished":"2022-10-14","dateModified":"2023-06-05","mainEntityOfPage":"https:\/\/www.cortar.cz\/na-cem-ve-vasem-satniku-se-nevyplati-setrit\/","author":{"@type":"Person","@id":"https:\/\/www.cortar.cz\/author\/#Person","name":"","url":"https:\/\/www.cortar.cz\/author\/","identifier":1,"image":{"@type":"ImageObject","@id":"https:\/\/secure.gravatar.com\/avatar\/1aa4d33840e2afc29128e2a456d425ca0d17b173c888af2db652b1d34fe6f93d?s=96&d=mm&r=g","url":"https:\/\/secure.gravatar.com\/avatar\/1aa4d33840e2afc29128e2a456d425ca0d17b173c888af2db652b1d34fe6f93d?s=96&d=mm&r=g","height":96,"width":96}},"publisher":{"@type":"Organization","name":"cortar.cz","logo":{"@type":"ImageObject","@id":"\/logo.png","url":"\/logo.png","width":600,"height":60}},"image":{"@type":"ImageObject","@id":"https:\/\/www.cortar.cz\/wp-content\/uploads\/pexels-castorly-stock-3682271.jpg","url":"https:\/\/www.cortar.cz\/wp-content\/uploads\/pexels-castorly-stock-3682271.jpg","height":0,"width":0},"keywords":null},{"@type":"Article","@id":"https:\/\/www.cortar.cz\/nakupy-online-a-na-co-si-dat-pozor\/","headline":"N\u00e1kupy online, a na co si d\u00e1t pozor","url":"https:\/\/www.cortar.cz\/nakupy-online-a-na-co-si-dat-pozor\/","datePublished":"2022-01-16","dateModified":"2023-06-05","mainEntityOfPage":"https:\/\/www.cortar.cz\/nakupy-online-a-na-co-si-dat-pozor\/","author":{"@type":"Person","@id":"https:\/\/www.cortar.cz\/author\/#Person","name":"","url":"https:\/\/www.cortar.cz\/author\/","identifier":1,"image":{"@type":"ImageObject","@id":"https:\/\/secure.gravatar.com\/avatar\/1aa4d33840e2afc29128e2a456d425ca0d17b173c888af2db652b1d34fe6f93d?s=96&d=mm&r=g","url":"https:\/\/secure.gravatar.com\/avatar\/1aa4d33840e2afc29128e2a456d425ca0d17b173c888af2db652b1d34fe6f93d?s=96&d=mm&r=g","height":96,"width":96}},"publisher":{"@type":"Organization","name":"cortar.cz","logo":{"@type":"ImageObject","@id":"\/logo.png","url":"\/logo.png","width":600,"height":60}},"image":{"@type":"ImageObject","@id":"https:\/\/www.cortar.cz\/wp-content\/uploads\/ecommerce-2140603_640.jpg","url":"https:\/\/www.cortar.cz\/wp-content\/uploads\/ecommerce-2140603_640.jpg","height":0,"width":0},"keywords":null},{"@type":"Article","@id":"https:\/\/www.cortar.cz\/najdete-idealni-rovnatka\/","headline":"Najd\u011bte ide\u00e1ln\u00ed rovn\u00e1tka","url":"https:\/\/www.cortar.cz\/najdete-idealni-rovnatka\/","datePublished":"2020-02-17","dateModified":"2023-06-05","mainEntityOfPage":"https:\/\/www.cortar.cz\/najdete-idealni-rovnatka\/","author":{"@type":"Person","@id":"https:\/\/www.cortar.cz\/author\/#Person","name":"","url":"https:\/\/www.cortar.cz\/author\/","identifier":1,"image":{"@type":"ImageObject","@id":"https:\/\/secure.gravatar.com\/avatar\/1aa4d33840e2afc29128e2a456d425ca0d17b173c888af2db652b1d34fe6f93d?s=96&d=mm&r=g","url":"https:\/\/secure.gravatar.com\/avatar\/1aa4d33840e2afc29128e2a456d425ca0d17b173c888af2db652b1d34fe6f93d?s=96&d=mm&r=g","height":96,"width":96}},"publisher":{"@type":"Organization","name":"cortar.cz","logo":{"@type":"ImageObject","@id":"\/logo.png","url":"\/logo.png","width":600,"height":60}},"image":{"@type":"ImageObject","@id":"https:\/\/www.cortar.cz\/wp-content\/uploads\/img_a375968_w4384_t1587470774.jpg","url":"https:\/\/www.cortar.cz\/wp-content\/uploads\/img_a375968_w4384_t1587470774.jpg","height":0,"width":0},"keywords":null},{"@type":"Article","@id":"https:\/\/www.cortar.cz\/svet-online-je-pro-deti-prinosem-nebo-predstavuje-nutne-zlo\/","headline":"Sv\u011bt online &#8211; je pro d\u011bti p\u0159\u00ednosem, nebo p\u0159edstavuje nutn\u00e9 zlo?","url":"https:\/\/www.cortar.cz\/svet-online-je-pro-deti-prinosem-nebo-predstavuje-nutne-zlo\/","datePublished":"2019-09-04","dateModified":"2023-06-05","mainEntityOfPage":"https:\/\/www.cortar.cz\/svet-online-je-pro-deti-prinosem-nebo-predstavuje-nutne-zlo\/","author":{"@type":"Person","@id":"https:\/\/www.cortar.cz\/author\/#Person","name":"","url":"https:\/\/www.cortar.cz\/author\/","identifier":1,"image":{"@type":"ImageObject","@id":"https:\/\/secure.gravatar.com\/avatar\/1aa4d33840e2afc29128e2a456d425ca0d17b173c888af2db652b1d34fe6f93d?s=96&d=mm&r=g","url":"https:\/\/secure.gravatar.com\/avatar\/1aa4d33840e2afc29128e2a456d425ca0d17b173c888af2db652b1d34fe6f93d?s=96&d=mm&r=g","height":96,"width":96}},"publisher":{"@type":"Organization","name":"cortar.cz","logo":{"@type":"ImageObject","@id":"\/logo.png","url":"\/logo.png","width":600,"height":60}},"image":{"@type":"ImageObject","@id":"https:\/\/www.cortar.cz\/wp-content\/uploads\/img_a355415_w3254_t1569694864.jpg","url":"https:\/\/www.cortar.cz\/wp-content\/uploads\/img_a355415_w3254_t1569694864.jpg","height":0,"width":0},"keywords":null}]}