[{"@context":"https:\/\/schema.org\/","@type":"Article","@id":"https:\/\/www.cortar.cz\/nehynouci-moc-denimu\/#Article","mainEntityOfPage":"https:\/\/www.cortar.cz\/nehynouci-moc-denimu\/","headline":"Nehynouc\u00ed moc denimu","name":"Nehynouc\u00ed moc denimu","description":"Pod pojmem denim si v\u011bt\u0161ina p\u0159edstav\u00ed rifle, co\u017e ov\u0161em nen\u00ed pochopiteln\u011b v\u0161e. Denim, to nejsou jen rifle. Nicm\u00e9n\u011b pravdou v\u0161ak<a class=\"read-more\" href=\"https:\/\/www.cortar.cz\/nehynouci-moc-denimu\/\">Continue reading<\/a>","datePublished":"2023-06-05","dateModified":"2023-06-05","author":{"@type":"Person","@id":"https:\/\/www.cortar.cz\/author\/#Person","name":"","url":"https:\/\/www.cortar.cz\/author\/","identifier":1,"image":{"@type":"ImageObject","@id":"https:\/\/secure.gravatar.com\/avatar\/1aa4d33840e2afc29128e2a456d425ca0d17b173c888af2db652b1d34fe6f93d?s=96&d=mm&r=g","url":"https:\/\/secure.gravatar.com\/avatar\/1aa4d33840e2afc29128e2a456d425ca0d17b173c888af2db652b1d34fe6f93d?s=96&d=mm&r=g","height":96,"width":96}},"publisher":{"@type":"Organization","name":"cortar.cz","logo":{"@type":"ImageObject","@id":"\/logo.png","url":"\/logo.png","width":600,"height":60}},"image":{"@type":"ImageObject","@id":"https:\/\/www.cortar.cz\/wp-content\/uploads\/img_a291311_w2048_t1504012751.jpg","url":"https:\/\/www.cortar.cz\/wp-content\/uploads\/img_a291311_w2048_t1504012751.jpg","height":0,"width":0},"url":"https:\/\/www.cortar.cz\/nehynouci-moc-denimu\/","wordCount":548,"articleBody":"Pod pojmem denim si v\u011bt\u0161ina p\u0159edstav\u00ed rifle, co\u017e ov\u0161em nen\u00ed pochopiteln\u011b v\u0161e. Denim, to nejsou jen rifle. Nicm\u00e9n\u011b pravdou v\u0161ak bude, kdy\u017e \u0159ekneme, \u017ee zajist\u00e9 ka\u017ed\u00fd z\u00a0n\u00e1s je majitelem denimu a nechyb\u00ed z\u0159ejm\u011b u nikoho v\u00a0\u0161atn\u00edku. V\u017edy\u0165 u\u017e i batolata se obl\u00e9kaj\u00ed do denimu a d\u011blaj\u00ed v\u00a0n\u011bm par\u00e1du. A nejen to. Denim je adekv\u00e1tn\u00ed volbou materi\u00e1lu pro v\u0161echny v\u011bkov\u00e9 kategorie.\u00a0Ohl\u00e9dnut\u00ed do historie\u00a0V\u0161e zapo\u010dalo roku 1873 a to spoluprac\u00ed Levi Strausse &#8211; coby obchodn\u00edka s\u00a0l\u00e1tkami, kter\u00fd pr\u00e1v\u011b obchodoval i s\u00a0denimem a krej\u010d\u00edho Jacoba Davise, jen\u017e z\u00edskal zak\u00e1zku na u\u0161it\u00ed kvalitn\u00edch kalhot, kter\u00e9 vydr\u017e\u00ed i za podm\u00ednek p\u0159i n\u00e1ro\u010dn\u00e9 pr\u00e1ci. A tak se ud\u00e1lo, \u017ee krej\u010d\u00ed u\u0161il kalhoty z\u00a0denimu, kter\u00e9 se staly prvotn\u011b popul\u00e1rn\u00edm pracovn\u00edm od\u011bvem ve Spojen\u00fdch st\u00e1tech americk\u00fdch. M\u00f3dn\u00edm trendem pro mladou generaci se stal denim prost\u0159ednictv\u00edm filmu \u201eRebel bez p\u0159\u00ed\u010diny\u201c, kde byly kalhoty z\u00a0denimu znakem rebelie nov\u00e9 generace.\u00a0Zaj\u00edmavosti o denimu aneb v\u011bd\u011bli jste\u2026\u00a0Ozna\u010den\u00ed denim je odvozeno z\u00a0francouzsk\u00e9ho slova \u201ede nimes\u201c &#8211; z\u00a0m\u011bsta nesouc\u00ed n\u00e1zev Nimes, kde byla prim\u00e1rn\u00ed v\u00fdroba t\u00e9to tkaniny.\u00a0V\u00edte, jak vypad\u00e1 a jak se pozn\u00e1 prav\u00fd denim? Ryz\u00ed neboli prav\u00fd je barevn\u00fd po l\u00edci, a naopak re\u017en\u00fd po rubu. Faktem je, \u017ee velmi \u010dasto doch\u00e1z\u00ed k\u00a0imitaci v\u00a0podob\u011b levn\u011bj\u0161\u00ed alternativy, jako nap\u0159\u00edklad za pomoci p\u0159\u00edze s\u00a0p\u0159\u00edm\u011bs\u00ed bavln\u011bn\u00fdch v\u00fd\u010desk\u016f nebo za pou\u017eit\u00ed jin\u00e9 mo\u017en\u00e9 vazby p\u0159i tkan\u00ed.\u00a0P\u00e9\u010de o denim\u00a0Ka\u017ed\u00fd pot\u0159ebuje p\u00e9\u010di je tomu tak i v\u00a0p\u0159\u00edpad\u011b denimu. Jen tak si uchov\u00e1te kvalitn\u00ed kousek ve sv\u00e9m oble\u010den\u00ed, a p\u0159edev\u0161\u00edm na z\u00e1klad\u011b n\u00e1le\u017eit\u00e9 p\u00e9\u010de zajist\u00edte i dostate\u010dnou \u017eivotnost.\u00a0D\u016fle\u017eitou z\u00e1sadou je pran\u00ed denimu naruby, aby zbyte\u010dn\u011b nedoch\u00e1zelo k\u00a0po\u0161kozen\u00ed vzhledu materi\u00e1lu na l\u00edci, nezapomenout zapnout zipy, knofl\u00edky \u2013 eliminace defektu v\u00a0pra\u010dce. Nen\u00ed adekv\u00e1tn\u00ed u oble\u010den\u00ed z\u00a0denimu pou\u017e\u00edvat odst\u0159e\u010fov\u00e1n\u00ed, ni\u010d\u00ed se t\u00edm tkanina. Neopomenuteln\u00fdm faktem je rovn\u011b\u017e pran\u00ed denimu pouze se stejnobarevn\u00fdm pr\u00e1dlem, t\u00edm tak zamez\u00edte potenci\u00e1lnosti pou\u0161t\u011bn\u00ed barev, co\u017e se v\u00a0p\u0159\u00edpad\u011b denimu m\u016f\u017ee st\u00e1t. Ne v\u017edy v\u00e1m m\u016f\u017ee b\u00fdt akceptov\u00e1na reklamace. Co se t\u00fd\u010de \u017eehlen\u00ed, i kdy\u017e denim nepat\u0159\u00ed mezi tkaninu, kter\u00e1 se ma\u010dk\u00e1, je i tak vhodn\u00e9, zejm\u00e9na rifle, p\u0159e\u017eehlit, nebo\u0165 dostanou lep\u0161\u00ed vzhled. Rovn\u011b\u017e pot\u00e9 nejsou tak tvrd\u00e9 jako po vypr\u00e1n\u00ed. Je lep\u0161\u00ed \u017eehlit na ni\u017e\u0161\u00ed teplotu, nebo\u0165 jak je uvedeno v\u00fd\u0161e, n\u011bkdy se m\u016f\u017ee jednat o denim s\u00a0p\u0159\u00edm\u011bs\u00ed, a tud\u00ed\u017e by mohlo doj\u00edt k\u00a0po\u0161kozen\u00ed od\u011bvu v r\u00e1mci \u017eehlen\u00ed na vy\u0161\u0161\u00ed teplotu. Denim, jako\u017eto odoln\u00fd a kvalitn\u00ed materi\u00e1l, je vhodn\u00fd pro \u010dast\u00e9 pran\u00ed i \u017eehlen\u00ed za dodr\u017een\u00ed v\u00fd\u0161e uveden\u00e9 p\u00e9\u010de.                                                                                                                                                                                                                                                                                                                                                                                        3.7\/5 - (8 votes)        "},{"@context":"https:\/\/schema.org\/","@type":"BreadcrumbList","itemListElement":[{"@type":"ListItem","position":1,"name":"Nehynouc\u00ed moc denimu","item":"https:\/\/www.cortar.cz\/nehynouci-moc-denimu\/#breadcrumbitem"}]}]