{"@context":"https:\/\/schema.org\/","@type":"CollectionPage","@id":"https:\/\/www.cortar.cz\/nakupy\/#CollectionPage","headline":"N\u00e1kupy Category","description":"","url":"https:\/\/www.cortar.cz\/nakupy\/","hasPart":[{"@type":"Article","@id":"https:\/\/www.cortar.cz\/dokonala-podlaha-do-kazdeho-interieru\/","headline":"Dokonal\u00e1 podlaha do ka\u017ed\u00e9ho interi\u00e9ru","url":"https:\/\/www.cortar.cz\/dokonala-podlaha-do-kazdeho-interieru\/","datePublished":"2026-08-23","dateModified":"2023-06-05","mainEntityOfPage":"https:\/\/www.cortar.cz\/dokonala-podlaha-do-kazdeho-interieru\/","author":{"@type":"Person","@id":"https:\/\/www.cortar.cz\/author\/#Person","name":"","url":"https:\/\/www.cortar.cz\/author\/","identifier":1,"image":{"@type":"ImageObject","@id":"https:\/\/secure.gravatar.com\/avatar\/1aa4d33840e2afc29128e2a456d425ca0d17b173c888af2db652b1d34fe6f93d?s=96&d=mm&r=g","url":"https:\/\/secure.gravatar.com\/avatar\/1aa4d33840e2afc29128e2a456d425ca0d17b173c888af2db652b1d34fe6f93d?s=96&d=mm&r=g","height":96,"width":96}},"publisher":{"@type":"Organization","name":"cortar.cz","logo":{"@type":"ImageObject","@id":"\/logo.png","url":"\/logo.png","width":600,"height":60}},"image":{"@type":"ImageObject","@id":"https:\/\/www.cortar.cz\/wp-content\/uploads\/art284412_4x3_20260815_180853_kWFAXb.jpg","url":"https:\/\/www.cortar.cz\/wp-content\/uploads\/art284412_4x3_20260815_180853_kWFAXb.jpg","height":0,"width":0},"keywords":null},{"@type":"Article","@id":"https:\/\/www.cortar.cz\/sedacka-je-nezbytna\/","headline":"Seda\u010dka je nezbytn\u00e1","url":"https:\/\/www.cortar.cz\/sedacka-je-nezbytna\/","datePublished":"2026-08-22","dateModified":"2023-06-05","mainEntityOfPage":"https:\/\/www.cortar.cz\/sedacka-je-nezbytna\/","author":{"@type":"Person","@id":"https:\/\/www.cortar.cz\/author\/#Person","name":"","url":"https:\/\/www.cortar.cz\/author\/","identifier":1,"image":{"@type":"ImageObject","@id":"https:\/\/secure.gravatar.com\/avatar\/1aa4d33840e2afc29128e2a456d425ca0d17b173c888af2db652b1d34fe6f93d?s=96&d=mm&r=g","url":"https:\/\/secure.gravatar.com\/avatar\/1aa4d33840e2afc29128e2a456d425ca0d17b173c888af2db652b1d34fe6f93d?s=96&d=mm&r=g","height":96,"width":96}},"publisher":{"@type":"Organization","name":"cortar.cz","logo":{"@type":"ImageObject","@id":"\/logo.png","url":"\/logo.png","width":600,"height":60}},"image":{"@type":"ImageObject","@id":"https:\/\/www.cortar.cz\/wp-content\/uploads\/art284561_1x1_20260810_002121_yje1kt.jpg","url":"https:\/\/www.cortar.cz\/wp-content\/uploads\/art284561_1x1_20260810_002121_yje1kt.jpg","height":0,"width":0},"keywords":null},{"@type":"Article","@id":"https:\/\/www.cortar.cz\/s-modernimi-roletami-budete-spokojeni-i-vy\/","headline":"S modern\u00edmi roletami budete spokojen\u00ed i vy","url":"https:\/\/www.cortar.cz\/s-modernimi-roletami-budete-spokojeni-i-vy\/","datePublished":"2026-08-21","dateModified":"2023-06-05","mainEntityOfPage":"https:\/\/www.cortar.cz\/s-modernimi-roletami-budete-spokojeni-i-vy\/","author":{"@type":"Person","@id":"https:\/\/www.cortar.cz\/author\/#Person","name":"","url":"https:\/\/www.cortar.cz\/author\/","identifier":1,"image":{"@type":"ImageObject","@id":"https:\/\/secure.gravatar.com\/avatar\/1aa4d33840e2afc29128e2a456d425ca0d17b173c888af2db652b1d34fe6f93d?s=96&d=mm&r=g","url":"https:\/\/secure.gravatar.com\/avatar\/1aa4d33840e2afc29128e2a456d425ca0d17b173c888af2db652b1d34fe6f93d?s=96&d=mm&r=g","height":96,"width":96}},"publisher":{"@type":"Organization","name":"cortar.cz","logo":{"@type":"ImageObject","@id":"\/logo.png","url":"\/logo.png","width":600,"height":60}},"image":{"@type":"ImageObject","@id":"https:\/\/www.cortar.cz\/wp-content\/uploads\/art284277_3x2_20260821_062330_bPvQKc.jpg","url":"https:\/\/www.cortar.cz\/wp-content\/uploads\/art284277_3x2_20260821_062330_bPvQKc.jpg","height":0,"width":0},"keywords":null},{"@type":"Article","@id":"https:\/\/www.cortar.cz\/prakticke-ulozne-prostory\/","headline":"Praktick\u00e9 \u00falo\u017en\u00e9 prostory","url":"https:\/\/www.cortar.cz\/prakticke-ulozne-prostory\/","datePublished":"2026-08-18","dateModified":"2023-06-05","mainEntityOfPage":"https:\/\/www.cortar.cz\/prakticke-ulozne-prostory\/","author":{"@type":"Person","@id":"https:\/\/www.cortar.cz\/author\/#Person","name":"","url":"https:\/\/www.cortar.cz\/author\/","identifier":1,"image":{"@type":"ImageObject","@id":"https:\/\/secure.gravatar.com\/avatar\/1aa4d33840e2afc29128e2a456d425ca0d17b173c888af2db652b1d34fe6f93d?s=96&d=mm&r=g","url":"https:\/\/secure.gravatar.com\/avatar\/1aa4d33840e2afc29128e2a456d425ca0d17b173c888af2db652b1d34fe6f93d?s=96&d=mm&r=g","height":96,"width":96}},"publisher":{"@type":"Organization","name":"cortar.cz","logo":{"@type":"ImageObject","@id":"\/logo.png","url":"\/logo.png","width":600,"height":60}},"image":{"@type":"ImageObject","@id":"https:\/\/www.cortar.cz\/wp-content\/uploads\/art284459_4x3_20260823_230942_5prC3l.jpg","url":"https:\/\/www.cortar.cz\/wp-content\/uploads\/art284459_4x3_20260823_230942_5prC3l.jpg","height":0,"width":0},"keywords":null},{"@type":"Article","@id":"https:\/\/www.cortar.cz\/stante-se-sexualne-nepremozitelnym-muzem\/","headline":"Sta\u0148te se sexu\u00e1ln\u011b nep\u0159emo\u017eiteln\u00fdm mu\u017eem","url":"https:\/\/www.cortar.cz\/stante-se-sexualne-nepremozitelnym-muzem\/","datePublished":"2026-08-04","dateModified":"2023-06-05","mainEntityOfPage":"https:\/\/www.cortar.cz\/stante-se-sexualne-nepremozitelnym-muzem\/","author":{"@type":"Person","@id":"https:\/\/www.cortar.cz\/author\/#Person","name":"","url":"https:\/\/www.cortar.cz\/author\/","identifier":1,"image":{"@type":"ImageObject","@id":"https:\/\/secure.gravatar.com\/avatar\/1aa4d33840e2afc29128e2a456d425ca0d17b173c888af2db652b1d34fe6f93d?s=96&d=mm&r=g","url":"https:\/\/secure.gravatar.com\/avatar\/1aa4d33840e2afc29128e2a456d425ca0d17b173c888af2db652b1d34fe6f93d?s=96&d=mm&r=g","height":96,"width":96}},"publisher":{"@type":"Organization","name":"cortar.cz","logo":{"@type":"ImageObject","@id":"\/logo.png","url":"\/logo.png","width":600,"height":60}},"image":{"@type":"ImageObject","@id":"https:\/\/www.cortar.cz\/wp-content\/uploads\/art284150_4x3_20260816_200528_qjXSQU.jpg","url":"https:\/\/www.cortar.cz\/wp-content\/uploads\/art284150_4x3_20260816_200528_qjXSQU.jpg","height":0,"width":0},"keywords":null},{"@type":"Article","@id":"https:\/\/www.cortar.cz\/skvely-poslech-i-kvalitni-zvuk-s-bezdratovym-zarizenim\/","headline":"Skv\u011bl\u00fd poslech i kvalitn\u00ed zvuk s bezdr\u00e1tov\u00fdm za\u0159\u00edzen\u00edm","url":"https:\/\/www.cortar.cz\/skvely-poslech-i-kvalitni-zvuk-s-bezdratovym-zarizenim\/","datePublished":"2026-08-03","dateModified":"2023-06-05","mainEntityOfPage":"https:\/\/www.cortar.cz\/skvely-poslech-i-kvalitni-zvuk-s-bezdratovym-zarizenim\/","author":{"@type":"Person","@id":"https:\/\/www.cortar.cz\/author\/#Person","name":"","url":"https:\/\/www.cortar.cz\/author\/","identifier":1,"image":{"@type":"ImageObject","@id":"https:\/\/secure.gravatar.com\/avatar\/1aa4d33840e2afc29128e2a456d425ca0d17b173c888af2db652b1d34fe6f93d?s=96&d=mm&r=g","url":"https:\/\/secure.gravatar.com\/avatar\/1aa4d33840e2afc29128e2a456d425ca0d17b173c888af2db652b1d34fe6f93d?s=96&d=mm&r=g","height":96,"width":96}},"publisher":{"@type":"Organization","name":"cortar.cz","logo":{"@type":"ImageObject","@id":"\/logo.png","url":"\/logo.png","width":600,"height":60}},"image":{"@type":"ImageObject","@id":"https:\/\/www.cortar.cz\/wp-content\/uploads\/art283584_4x3_20260820_190609_hzbKj5.jpg","url":"https:\/\/www.cortar.cz\/wp-content\/uploads\/art283584_4x3_20260820_190609_hzbKj5.jpg","height":0,"width":0},"keywords":null},{"@type":"Article","@id":"https:\/\/www.cortar.cz\/s-nasi-pomoci-boj-s-obezitou-hrave-zvladnete\/","headline":"S na\u0161\u00ed pomoc\u00ed boj s obezitou hrav\u011b zvl\u00e1dnete","url":"https:\/\/www.cortar.cz\/s-nasi-pomoci-boj-s-obezitou-hrave-zvladnete\/","datePublished":"2026-06-27","dateModified":"2023-06-02","mainEntityOfPage":"https:\/\/www.cortar.cz\/s-nasi-pomoci-boj-s-obezitou-hrave-zvladnete\/","author":{"@type":"Person","@id":"https:\/\/www.cortar.cz\/author\/#Person","name":"","url":"https:\/\/www.cortar.cz\/author\/","identifier":1,"image":{"@type":"ImageObject","@id":"https:\/\/secure.gravatar.com\/avatar\/1aa4d33840e2afc29128e2a456d425ca0d17b173c888af2db652b1d34fe6f93d?s=96&d=mm&r=g","url":"https:\/\/secure.gravatar.com\/avatar\/1aa4d33840e2afc29128e2a456d425ca0d17b173c888af2db652b1d34fe6f93d?s=96&d=mm&r=g","height":96,"width":96}},"publisher":{"@type":"Organization","name":"cortar.cz","logo":{"@type":"ImageObject","@id":"\/logo.png","url":"\/logo.png","width":600,"height":60}},"image":{"@type":"ImageObject","@id":"https:\/\/www.cortar.cz\/wp-content\/uploads\/art281127_3x2_20260617_215632_dijn9Q.jpg","url":"https:\/\/www.cortar.cz\/wp-content\/uploads\/art281127_3x2_20260617_215632_dijn9Q.jpg","height":0,"width":0},"keywords":null},{"@type":"Article","@id":"https:\/\/www.cortar.cz\/vzdy-hledejte-reseni\/","headline":"V\u017edy hledejte \u0159e\u0161en\u00ed","url":"https:\/\/www.cortar.cz\/vzdy-hledejte-reseni\/","datePublished":"2026-06-24","dateModified":"2023-06-05","mainEntityOfPage":"https:\/\/www.cortar.cz\/vzdy-hledejte-reseni\/","author":{"@type":"Person","@id":"https:\/\/www.cortar.cz\/author\/#Person","name":"","url":"https:\/\/www.cortar.cz\/author\/","identifier":1,"image":{"@type":"ImageObject","@id":"https:\/\/secure.gravatar.com\/avatar\/1aa4d33840e2afc29128e2a456d425ca0d17b173c888af2db652b1d34fe6f93d?s=96&d=mm&r=g","url":"https:\/\/secure.gravatar.com\/avatar\/1aa4d33840e2afc29128e2a456d425ca0d17b173c888af2db652b1d34fe6f93d?s=96&d=mm&r=g","height":96,"width":96}},"publisher":{"@type":"Organization","name":"cortar.cz","logo":{"@type":"ImageObject","@id":"\/logo.png","url":"\/logo.png","width":600,"height":60}},"image":{"@type":"ImageObject","@id":"https:\/\/www.cortar.cz\/wp-content\/uploads\/art282919_1x1_20260627_134506_YBiKyT.jpg","url":"https:\/\/www.cortar.cz\/wp-content\/uploads\/art282919_1x1_20260627_134506_YBiKyT.jpg","height":0,"width":0},"keywords":null},{"@type":"Article","@id":"https:\/\/www.cortar.cz\/vyvetrejte-si-podle-libosti\/","headline":"Vyv\u011btrejte si podle libosti","url":"https:\/\/www.cortar.cz\/vyvetrejte-si-podle-libosti\/","datePublished":"2026-06-18","dateModified":"2023-06-02","mainEntityOfPage":"https:\/\/www.cortar.cz\/vyvetrejte-si-podle-libosti\/","author":{"@type":"Person","@id":"https:\/\/www.cortar.cz\/author\/#Person","name":"","url":"https:\/\/www.cortar.cz\/author\/","identifier":1,"image":{"@type":"ImageObject","@id":"https:\/\/secure.gravatar.com\/avatar\/1aa4d33840e2afc29128e2a456d425ca0d17b173c888af2db652b1d34fe6f93d?s=96&d=mm&r=g","url":"https:\/\/secure.gravatar.com\/avatar\/1aa4d33840e2afc29128e2a456d425ca0d17b173c888af2db652b1d34fe6f93d?s=96&d=mm&r=g","height":96,"width":96}},"publisher":{"@type":"Organization","name":"cortar.cz","logo":{"@type":"ImageObject","@id":"\/logo.png","url":"\/logo.png","width":600,"height":60}},"image":{"@type":"ImageObject","@id":"https:\/\/www.cortar.cz\/wp-content\/uploads\/art278760_16x9_20260613_003738_deVaFK.jpg","url":"https:\/\/www.cortar.cz\/wp-content\/uploads\/art278760_16x9_20260613_003738_deVaFK.jpg","height":0,"width":0},"keywords":null},{"@type":"Article","@id":"https:\/\/www.cortar.cz\/presna-a-pecliva-prace\/","headline":"P\u0159esn\u00e1 a pe\u010dliv\u00e1 pr\u00e1ce","url":"https:\/\/www.cortar.cz\/presna-a-pecliva-prace\/","datePublished":"2026-06-18","dateModified":"2023-06-02","mainEntityOfPage":"https:\/\/www.cortar.cz\/presna-a-pecliva-prace\/","author":{"@type":"Person","@id":"https:\/\/www.cortar.cz\/author\/#Person","name":"","url":"https:\/\/www.cortar.cz\/author\/","identifier":1,"image":{"@type":"ImageObject","@id":"https:\/\/secure.gravatar.com\/avatar\/1aa4d33840e2afc29128e2a456d425ca0d17b173c888af2db652b1d34fe6f93d?s=96&d=mm&r=g","url":"https:\/\/secure.gravatar.com\/avatar\/1aa4d33840e2afc29128e2a456d425ca0d17b173c888af2db652b1d34fe6f93d?s=96&d=mm&r=g","height":96,"width":96}},"publisher":{"@type":"Organization","name":"cortar.cz","logo":{"@type":"ImageObject","@id":"\/logo.png","url":"\/logo.png","width":600,"height":60}},"image":{"@type":"ImageObject","@id":"https:\/\/www.cortar.cz\/wp-content\/uploads\/art279892_16x9_20260614_134604_z1CuNA.jpg","url":"https:\/\/www.cortar.cz\/wp-content\/uploads\/art279892_16x9_20260614_134604_z1CuNA.jpg","height":0,"width":0},"keywords":null}]}