[{"@context":"https:\/\/schema.org\/","@type":"Article","@id":"https:\/\/www.cortar.cz\/nabytek-na-ktery-je-spolehnuti\/#Article","mainEntityOfPage":"https:\/\/www.cortar.cz\/nabytek-na-ktery-je-spolehnuti\/","headline":"N\u00e1bytek, na kter\u00fd je spolehnut\u00ed","name":"N\u00e1bytek, na kter\u00fd je spolehnut\u00ed","description":"Za\u0159izujete kancel\u00e1\u0159 a chcete, aby bylo v\u0161e opravdu za\u0159\u00edzeno dob\u0159e a spolehliv\u011b? Snad ka\u017ed\u00fd toti\u017e v\u00ed, \u017ee kdy\u017e u\u017e m\u00e1te<a class=\"read-more\" href=\"https:\/\/www.cortar.cz\/nabytek-na-ktery-je-spolehnuti\/\">Continue reading<\/a>","datePublished":"2017-04-02","dateModified":"2023-06-05","author":{"@type":"Person","@id":"https:\/\/www.cortar.cz\/author\/#Person","name":"","url":"https:\/\/www.cortar.cz\/author\/","identifier":1,"image":{"@type":"ImageObject","@id":"https:\/\/secure.gravatar.com\/avatar\/1aa4d33840e2afc29128e2a456d425ca0d17b173c888af2db652b1d34fe6f93d?s=96&d=mm&r=g","url":"https:\/\/secure.gravatar.com\/avatar\/1aa4d33840e2afc29128e2a456d425ca0d17b173c888af2db652b1d34fe6f93d?s=96&d=mm&r=g","height":96,"width":96}},"publisher":{"@type":"Organization","name":"cortar.cz","logo":{"@type":"ImageObject","@id":"\/logo.png","url":"\/logo.png","width":600,"height":60}},"url":"https:\/\/www.cortar.cz\/nabytek-na-ktery-je-spolehnuti\/","wordCount":382,"articleBody":"Za\u0159izujete kancel\u00e1\u0159 a chcete, aby bylo v\u0161e opravdu za\u0159\u00edzeno dob\u0159e a spolehliv\u011b? Snad ka\u017ed\u00fd toti\u017e v\u00ed, \u017ee kdy\u017e u\u017e m\u00e1te na n\u011bjak\u00e9m m\u00edst\u011b pracovat, jeho vybaven\u00ed dok\u00e1\u017ee pr\u00e1ci mnohdy v\u00fdrazn\u011b zp\u0159\u00edjemnit a zefektivnit, proto nikdy nen\u00ed od v\u011bci se na za\u0159izov\u00e1n\u00ed pracovi\u0161t\u011b po\u0159\u00e1dn\u011b zam\u011b\u0159it. A co je sou\u010d\u00e1st\u00ed snad ka\u017ed\u00e9 kancel\u00e1\u0159e?Kancel\u00e1\u0159sk\u00e9 stoly jsou n\u011b\u010d\u00edm, co byste m\u011bli vyb\u00edrat opravdu pe\u010dliv\u011b, proto\u017ee jen tak si m\u016f\u017eete b\u00fdt jist\u00ed t\u00edm, \u017ee vyberete skute\u010dn\u011b spr\u00e1vn\u011b. P\u0159eci jenom je nutn\u00e9 vybrat takov\u00fd kus n\u00e1bytku, kter\u00fd V\u00e1m poskytne dostate\u010dnou pracovn\u00ed plochu a dostatek m\u00edsta na v\u0161echny pot\u0159ebn\u00e9 dokumenty. Nab\u00eddka je opravdu \u0161irok\u00e1, tak pro\u010d toho nevyu\u017e\u00edt?&#13; D\u00e1vejte dobr\u00fd pozor&#13; Uvid\u00edte, \u017ee kdy\u017e se na v\u00fdb\u011br zam\u011b\u0159\u00edte, nebudete toho litovat. V dne\u0161n\u00ed dob\u011b si toti\u017e m\u016f\u017eete vyb\u00edrat z velk\u00e9ho mno\u017estv\u00ed r\u016fzn\u00fdch druh\u016f, materi\u00e1l\u016f \u010di velikost\u00ed, tak\u017ee zajist\u00e9 v\u017edy objev\u00edte takov\u00e9 \u0159e\u0161en\u00ed, kter\u00e9 se V\u00e1m bude l\u00edbit, a d\u00edky kter\u00e9mu se V\u00e1m bude opravdu skute\u010dn\u011b dob\u0159e pracovat.&#13; Vybaven\u00ed do kancel\u00e1\u0159e tedy vyb\u00edrejte opravdu pe\u010dliv\u011b a dejte si s t\u00edm na \u010das, proto\u017ee tak budete m\u00edt jistotu, \u017ee bude v\u0161e p\u0159esn\u011b tak, jak by to m\u011blo b\u00fdt, a Vy nebo n\u011bkdo jin\u00fd budete m\u00edt ty nejlep\u0161\u00ed pracovn\u00ed podm\u00ednky pro odv\u00e1d\u011bn\u00ed opravdu kvalitn\u00edch pracovn\u00edch v\u00fdkon\u016f. V\u011b\u0159te tedy tomu, \u017ee si i Vy p\u0159ijdete na sv\u00e9 a nebudete litovat toho, \u017ee jste v\u00fdb\u011brem nov\u00e9ho vybaven\u00ed str\u00e1vili n\u011bjak\u00fd ten \u010das.&#13; D\u00edky spr\u00e1vn\u00e9mu vybaven\u00ed se V\u00e1m bude mnohem l\u00e9pe pracovat, budete se c\u00edtit l\u00e9pe, v\u0161e bude takov\u00e9 p\u0159\u00edjemn\u011bj\u0161\u00ed a Vy budete m\u00edt mnohem lep\u0161\u00ed n\u00e1ladu. Pr\u00e1ce V\u00e1s bude v\u00edce bavit a p\u016fjde V\u00e1m l\u00e9pe od ruky, proto\u017ee pro jej\u00ed vykon\u00e1v\u00e1n\u00ed budete m\u00edt opravdu jenom ty nejlep\u0161\u00ed podm\u00ednky.                                                                                                                                                                                                                                                                                                                                                                                        4.2\/5 - (10 votes)        "},{"@context":"https:\/\/schema.org\/","@type":"BreadcrumbList","itemListElement":[{"@type":"ListItem","position":1,"name":"N\u00e1bytek, na kter\u00fd je spolehnut\u00ed","item":"https:\/\/www.cortar.cz\/nabytek-na-ktery-je-spolehnuti\/#breadcrumbitem"}]}]