[{"@context":"https:\/\/schema.org\/","@type":"Article","@id":"https:\/\/www.cortar.cz\/jak-se-ucila-obcanska-vychova-drive-a-jak-dnes\/#Article","mainEntityOfPage":"https:\/\/www.cortar.cz\/jak-se-ucila-obcanska-vychova-drive-a-jak-dnes\/","headline":"Jak se u\u010dila ob\u010dansk\u00e1 v\u00fdchova d\u0159\u00edve a jak dnes?","name":"Jak se u\u010dila ob\u010dansk\u00e1 v\u00fdchova d\u0159\u00edve a jak dnes?","description":"Ob\u010dansk\u00fd v\u00fdchova, dnes ji sp\u00ed\u0161e najdeme na st\u0159edn\u00edch \u0161kol\u00e1ch sp\u00ed\u0161e pod pojmenov\u00e1n\u00edm z\u00e1klady spole\u010densk\u00fdch v\u011bd, je a v\u017edy byla jedn\u00edm<a class=\"read-more\" href=\"https:\/\/www.cortar.cz\/jak-se-ucila-obcanska-vychova-drive-a-jak-dnes\/\">Continue reading<\/a>","datePublished":"2023-06-05","dateModified":"2023-06-05","author":{"@type":"Person","@id":"https:\/\/www.cortar.cz\/author\/#Person","name":"","url":"https:\/\/www.cortar.cz\/author\/","identifier":1,"image":{"@type":"ImageObject","@id":"https:\/\/secure.gravatar.com\/avatar\/1aa4d33840e2afc29128e2a456d425ca0d17b173c888af2db652b1d34fe6f93d?s=96&d=mm&r=g","url":"https:\/\/secure.gravatar.com\/avatar\/1aa4d33840e2afc29128e2a456d425ca0d17b173c888af2db652b1d34fe6f93d?s=96&d=mm&r=g","height":96,"width":96}},"publisher":{"@type":"Organization","name":"cortar.cz","logo":{"@type":"ImageObject","@id":"\/logo.png","url":"\/logo.png","width":600,"height":60}},"image":{"@type":"ImageObject","@id":"https:\/\/www.cortar.cz\/wp-content\/uploads\/img_a294357_w2394_t1506328680.jpg","url":"https:\/\/www.cortar.cz\/wp-content\/uploads\/img_a294357_w2394_t1506328680.jpg","height":0,"width":0},"url":"https:\/\/www.cortar.cz\/jak-se-ucila-obcanska-vychova-drive-a-jak-dnes\/","wordCount":402,"articleBody":"Ob\u010dansk\u00fd v\u00fdchova, dnes ji sp\u00ed\u0161e najdeme na st\u0159edn\u00edch \u0161kol\u00e1ch sp\u00ed\u0161e pod pojmenov\u00e1n\u00edm z\u00e1klady spole\u010densk\u00fdch v\u011bd, je a v\u017edy byla jedn\u00edm z\u00a0nejobl\u00edben\u011bj\u0161\u00edch p\u0159edm\u011bt\u016f. Vyhov\u00ed toti\u017e v\u011bt\u0161in\u011b student\u016f. A to u\u017e humanitn\u011b zam\u011b\u0159en\u00fdm nebo t\u011bm, kter\u00e9 sp\u00ed\u0161e p\u0159itahuj\u00ed \u010d\u00edsla a fakta. Tento p\u0159edm\u011bt d\u011bti a studenty u\u010d\u00ed v\u011bci do \u017eivota. To, z\u00a0jak\u00fdch org\u00e1n\u016f sest\u00e1v\u00e1 na\u0161e vl\u00e1da, u\u010d\u00ed je z\u00e1klad\u016fm trestn\u00edho, soukrom\u00e9ho, rodinn\u00e9ho nebo majetkov\u00e9ho pr\u00e1va, naraz\u00ed dokonce na ekonomii nebo nep\u0159ehoupne p\u0159es sociologii k\u00a0psychologii. Je to velmi zaj\u00edmav\u00fd p\u0159edm\u011bt a rozhodn\u011b se vyplat\u00ed tyto hodiny nav\u0161t\u011bvovat.Studenti zde mohou voln\u011b projevit sv\u00e9 n\u00e1zory. V\u00a0hodin\u011b se toti\u017e v\u011bt\u0161inou prob\u00edraj\u00ed v\u011bci, kter\u00e9 prakticky v\u00a0\u017eivot\u011b denn\u011b vid\u00edme a pro\u017e\u00edv\u00e1me je. Nejen proto se tento p\u0159edm\u011bt st\u00e1v\u00e1 \u010d\u00edm d\u00e1l \u010dast\u011bji volen\u00fdm pro maturanty. Maturita z\u00a0tohoto p\u0159edm\u011btu se hod\u00ed jak na p\u0159ij\u00edmac\u00ed zkou\u0161ky na pr\u00e1va, tak na p\u0159ij\u00edmac\u00ed zkou\u0161ky na filosofickou fakultu \u010di na policejn\u00ed akademii.\tCo mohu s\u00a0maturitou ze z\u00e1klad\u016f spole\u010densk\u00fdch v\u011bd d\u011blat?Je nep\u0159ebern\u00e9 mno\u017estv\u00ed vysok\u00fdch \u0161kol, kter\u00e9 tuto maturitu vysloven\u011b vy\u017eaduj\u00ed. Bude se V\u00e1m hodit dokonce i na vysok\u00e9 \u0161kole ekonomick\u00e9, kde tedy bude zapot\u0159eb\u00ed i matematika, ka\u017edop\u00e1dn\u011b ZSV rozhodn\u011b v\u00a0prvn\u00edm ro\u010dn\u00edku jako kdy\u017e najdete. D\u00e1le se hod\u00ed pro budouc\u00ed pr\u00e1vn\u00edky, kriminalisty, politology ale tak\u00e9 pro spisovatele, filosofy nebo \u017eurnalisty.\tObl\u00edbenost ZSV stoup\u00e1U\u017e to nen\u00ed tak, \u017ee pronesen\u00ed n\u00e1zoru, kter\u00fd nevyhovuje pan\u00ed profesorce, bude trest\u00e1no t\u0159\u00eddn\u00ed d\u016ftkou nebo napomenut\u00edm. Odvaha student\u016f se zde velmi oce\u0148uje. Jsou po\u0159\u00e1d\u00e1ny i r\u016fzn\u00e9 sout\u011b\u017ee v\u00a0r\u00e1mci ob\u010dansk\u00e9 v\u00fdchovy, kter\u00e9 nap\u0159\u00edklad nut\u00ed studenty ke schopnosti spolupr\u00e1ce \u010di komunikace s\u00a0ostatn\u00edmi lidmi v\u00a0t\u00fdmu. V\u011bt\u0161inou jsou to sout\u011b\u017ee se zam\u011b\u0159en\u00edm na n\u011bjak\u00e9 glob\u00e1ln\u00ed probl\u00e9my \u010di Evropu a jej\u00ed probl\u00e9my. Je to jednodu\u0161e p\u0159edm\u011bt, kter\u00fd V\u00e1m n\u011bco d\u00e1.                                                                                                                                                                                                                                                                                                                                                                                        4.4\/5 - (7 votes)        "},{"@context":"https:\/\/schema.org\/","@type":"BreadcrumbList","itemListElement":[{"@type":"ListItem","position":1,"name":"Jak se u\u010dila ob\u010dansk\u00e1 v\u00fdchova d\u0159\u00edve a jak dnes?","item":"https:\/\/www.cortar.cz\/jak-se-ucila-obcanska-vychova-drive-a-jak-dnes\/#breadcrumbitem"}]}]