[{"@context":"https:\/\/schema.org\/","@type":"Article","@id":"https:\/\/www.cortar.cz\/jak-je-to-s-pujckami\/#Article","mainEntityOfPage":"https:\/\/www.cortar.cz\/jak-je-to-s-pujckami\/","headline":"Jak je to s p\u016fj\u010dkami ?","name":"Jak je to s p\u016fj\u010dkami ?","description":"Lid\u00e9 se odjak\u017eiva rozd\u011bluj\u00ed na dv\u011b konkr\u00e9tn\u00ed skupiny, a t\u011bmi jsou : 1) kdo si vyd\u011bl\u00e1v\u00e1 v\u00edce, a \u017eije si<a class=\"read-more\" href=\"https:\/\/www.cortar.cz\/jak-je-to-s-pujckami\/\">Continue reading<\/a>","datePublished":"2022-01-21","dateModified":"2023-06-05","author":{"@type":"Person","@id":"https:\/\/www.cortar.cz\/author\/#Person","name":"","url":"https:\/\/www.cortar.cz\/author\/","identifier":1,"image":{"@type":"ImageObject","@id":"https:\/\/secure.gravatar.com\/avatar\/1aa4d33840e2afc29128e2a456d425ca0d17b173c888af2db652b1d34fe6f93d?s=96&d=mm&r=g","url":"https:\/\/secure.gravatar.com\/avatar\/1aa4d33840e2afc29128e2a456d425ca0d17b173c888af2db652b1d34fe6f93d?s=96&d=mm&r=g","height":96,"width":96}},"publisher":{"@type":"Organization","name":"cortar.cz","logo":{"@type":"ImageObject","@id":"\/logo.png","url":"\/logo.png","width":600,"height":60}},"image":{"@type":"ImageObject","@id":"https:\/\/www.cortar.cz\/wp-content\/uploads\/dlu%C5%BEn%C3%ADk.jpg","url":"https:\/\/www.cortar.cz\/wp-content\/uploads\/dlu%C5%BEn%C3%ADk.jpg","height":0,"width":0},"url":"https:\/\/www.cortar.cz\/jak-je-to-s-pujckami\/","about":["Finance"],"wordCount":691,"articleBody":"       Lid\u00e9 se odjak\u017eiva rozd\u011bluj\u00ed na dv\u011b konkr\u00e9tn\u00ed skupiny, a t\u011bmi jsou : 1) kdo si vyd\u011bl\u00e1v\u00e1 v\u00edce, a \u017eije si l\u00e9pe, a 2) prav\u00fd opak, lid\u00e9 kte\u0159\u00ed mus\u00ed \u017e\u00edt skromn\u011b a kte\u0159\u00ed mus\u00ed ka\u017edou vyd\u011blanou korunu obracet v kapse. Tak\u017ee pokud opravdu vid\u00edte nebo vy c\u00edt\u00edte \u017ee byste pot\u0159ebovali p\u016fj\u010dku, tak je nejvy\u0161\u0161\u00ed \u010das o tom za\u010d\u00edt p\u0159em\u00fd\u0161let, nikdy si v\u0161ak neberte p\u016fj\u010dku jen tak pro nic za nic. Pokud si p\u016fj\u010dku vezmete, mus\u00edte se sna\u017eit ji splatit co nejd\u0159\u00edve a to u\u017e z toho d\u016fvodu \u017ee rychl\u00fdm spl\u00e1cen\u00edm se m\u016f\u017eete vyhnout nek\u0159es\u0165ansk\u00fdm \u00farok\u016fm. Jen\u017ee jak u\u017e je uveden v\u00fd\u0161e najdou se mezi n\u00e1mi i jedinci kte\u0159\u00ed si p\u016fj\u010dku berou i kdy\u017e to vlastn\u011b nen\u00ed ani nutn\u00e9 a ve v\u00fdsledku jim hroz\u00ed i nevyhnuteln\u00e9 spl\u00e1cen\u00ed vysok\u00fdch \u00farok\u016f. A co se stane kdy\u017e dan\u00e1 osoba svoj\u00ed p\u016fj\u010dku nespl\u00e1c\u00ed tak jak by m\u011bla ? Jak jist\u011b v\u00edte lid\u00e9 kte\u0159\u00ed nespl\u00e1c\u00ed dan\u00e9 p\u016fj\u010dky, \u00faroky a podobn\u011b. se v \u017e\u00e1dn\u00e9m p\u0159\u00edpad\u011b nevyhnout velice zn\u00e1m\u00fdm Exekuc\u00edm. A jist\u011b se naleznou i jedinci kte\u0159\u00ed jsou je\u0161t\u011b &#8222;ura\u017eeni a dot\u010deni &#8222; t\u00edm \u017ee jim banka tzv. vp\u00e1l\u00ed exekuci do obli\u010deje. a to jsou p\u0159edev\u0161\u00edm ti kte\u0159\u00ed si berou p\u016fj\u010dku jen tak a ani nep\u0159em\u00fd\u0161l\u00ed nad ve\u0161ker\u00fdmi riziky kter\u00e9 je \u010dekaj\u00ed d\u016fsledkem neplacen\u00ed. A jak jist\u011b i mal\u00e9 d\u00edt\u011b v\u00ed, Dluhy se mus\u00ed platit za ka\u017edou cenu, a\u0165 se to doty\u010dn\u00e9 osob\u011b l\u00edb\u00ed nebo ne. Proto\u017ee kdy\u017e u\u017e v\u00e1s napadne si p\u016fj\u010dku vz\u00edt, v\u017edy mus\u00edte po\u010d\u00edtat i s jej\u00edm vr\u00e1cen\u00edm. Ale i tato v\u011bc s exekucemi m\u00e1 jednu podm\u00ednku. a tou je ta \u017ee exekuto\u0159i, nesm\u00ed dlu\u017en\u00edkovi sebrat \u00fapln\u011b v\u0161echen majetek. V\u017edy mu mus\u00ed nechat pot\u0159ebnou sumu pen\u011bz a ur\u010ditou \u017eivotu pot\u0159ebnou \u010d\u00e1st majetku. aby m\u011bl mo\u017enost p\u0159e\u017e\u00edt. A to v\u0161echno bez ohledu na to, zda i dan\u00fd dlu\u017en\u00edk dal mo\u017enost p\u0159e\u017e\u00edt t\u011bm kte\u0159\u00ed mu p\u016fj\u010dili pen\u00edze. A jak je to od lo\u0148sk\u00e9ho roka ? Od lo\u0148sk\u00e9ho dubna plat\u00ed \u017ee se takov\u00fdm dlu\u017en\u00edk\u016fm bude vych\u00e1zet je\u0161t\u011b v\u00edce vst\u0159\u00edc ne\u017eli p\u0159edt\u00edm, Pokud se od lo\u0148sk\u00e9ho dubna dostanete do exekuce, je na\u0159\u00edzeno t\u011bmto dlu\u017en\u00edk\u016fm nab\u00eddnout mo\u017enost z\u0159\u00edzen\u00ed takzvan\u00e9ho bezplatn\u00e9ho chr\u00e1n\u011bn\u00e9ho \u00fa\u010dtu. Kam by si dlu\u017en\u00edci m\u011bli odkl\u00e1dat v\u0161echny svoje \u00faspory (bav\u00edme se o nezabaviteln\u00fdch pen\u011bz\u00edch, tedy o pen\u011bz\u00edch kter\u00e9 dlu\u017en\u00edkovi nikdo nesm\u00ed sebrat). Exekuto\u0159i jim v\u0161ak mus\u00ed nechat pouze tu sumu kterou pot\u0159ebuj\u00ed aby u\u017eivili sebe a rodinu, a tak\u00e9 mus\u00ed pohl\u00eddat aby si tyto dlu\u017en\u00edci v \u017e\u00e1dn\u00e9m p\u0159\u00edpad\u011b nep\u016fj\u010dovaly pen\u00edze od tzv. Lichv\u00e1\u0159\u016f a aby nikde nepracovali na \u010derno. Shrnut\u00ed : Dlu\u017en\u00edci se nemus\u00ed b\u00e1t \u017ee by d\u00edky exekuci p\u0159i\u0161ly o sv\u016fj majetek nebo pen\u00edze, tak\u017ee jsou pod ochran\u00fdmi k\u0159\u00eddly na\u0161\u00ed vl\u00e1dy. A nyn\u00ed je jen na v\u00e1s zda v tomto chcete s na\u0161imi politiky souhlasit, nebo ne. A jestli jim vy jako\u017eto ob\u010dan\u00e9 \u010cesk\u00e9 Republiky zatlesk\u00e1te za to \u017ee dlu\u017en\u00edk\u016fm z\u016fstane v\u0161e a ostatn\u00ed co p\u0159i\u0161li o pen\u00edze nedostanou nic zp\u011bt. Posu\u010fte to sami jako\u017eto ob\u010dan\u00e9 t\u00e9to zem\u011b Tak\u017ee opravdu chcete \u017e\u00edt s takov\u00fdmi pravidly ? nebo jste naopak zast\u00e1nci t\u011bch kte\u0159\u00ed sv\u00e9 p\u016fj\u010den\u00e9 pen\u00edze t\u0159eba u\u017e nikdy neuvid\u00ed ?                                                                                                                                                                                                                                                                                                                                                                                           4.3\/5 - (6 votes)        "},{"@context":"https:\/\/schema.org\/","@type":"BreadcrumbList","itemListElement":[{"@type":"ListItem","position":1,"name":"Jak je to s p\u016fj\u010dkami ?","item":"https:\/\/www.cortar.cz\/jak-je-to-s-pujckami\/#breadcrumbitem"}]}]