[{"@context":"https:\/\/schema.org\/","@type":"Article","@id":"https:\/\/www.cortar.cz\/abyste-mohli-klidne-spat\/#Article","mainEntityOfPage":"https:\/\/www.cortar.cz\/abyste-mohli-klidne-spat\/","headline":"Abyste mohli klidn\u011b sp\u00e1t","name":"Abyste mohli klidn\u011b sp\u00e1t","description":"V\u0161ichni v\u00edme, \u017ee finan\u010dn\u00ed z\u00e1le\u017eitosti dovedou p\u011bkn\u011b potr\u00e1pit, dovedou zcela ovl\u00e1dnout na\u0161i mysl. A to se nemus\u00ed ani jednat o<a class=\"read-more\" href=\"https:\/\/www.cortar.cz\/abyste-mohli-klidne-spat\/\">Continue reading<\/a>","datePublished":"2023-07-02","dateModified":"2024-07-07","author":{"@type":"Person","@id":"https:\/\/www.cortar.cz\/author\/#Person","name":"","url":"https:\/\/www.cortar.cz\/author\/","identifier":1,"image":{"@type":"ImageObject","@id":"https:\/\/secure.gravatar.com\/avatar\/1aa4d33840e2afc29128e2a456d425ca0d17b173c888af2db652b1d34fe6f93d?s=96&d=mm&r=g","url":"https:\/\/secure.gravatar.com\/avatar\/1aa4d33840e2afc29128e2a456d425ca0d17b173c888af2db652b1d34fe6f93d?s=96&d=mm&r=g","height":96,"width":96}},"publisher":{"@type":"Organization","name":"cortar.cz","logo":{"@type":"ImageObject","@id":"\/logo.png","url":"\/logo.png","width":600,"height":60}},"url":"https:\/\/www.cortar.cz\/abyste-mohli-klidne-spat\/","wordCount":252,"articleBody":"V\u0161ichni v\u00edme, \u017ee finan\u010dn\u00ed z\u00e1le\u017eitosti dovedou p\u011bkn\u011b potr\u00e1pit, dovedou zcela ovl\u00e1dnout na\u0161i mysl. A to se nemus\u00ed ani jednat o starosti v podob\u011b \u00fav\u011br\u016f \u010di dal\u0161\u00edch nep\u0159\u00edjemn\u00fdch z\u00e1vazk\u016f, na kter\u00e9 se n\u00e1m t\u0159eba nedost\u00e1v\u00e1 finan\u010dn\u00edch prost\u0159edk\u016f. M\u016f\u017ee se jednat \u201epouze\u201c o to, \u017ee se sna\u017e\u00edme splnit ve\u0161ker\u00e9 n\u00e1le\u017eitosti, kter\u00e1 n\u00e1m z\u00e1kon ukl\u00e1d\u00e1. Jedin\u00e1 skupina lid\u00ed, kte\u0159\u00ed se o veden\u00ed \u00fa\u010detnictv\u00ed Praha teoreticky nemus\u00ed v\u016fbec zaj\u00edmat, jsou zam\u011bstnanci. T\u011bm jejich mzdu vypo\u010d\u00edt\u00e1 mzdov\u00fd specialista, ov\u0161em i tak je velice vhodn\u00e9, dovedou-li si zam\u011bstnanci svou v\u00fdplatn\u00ed p\u00e1sku p\u0159ekontrolovat. A co ti ostatn\u00ed? Co OSV\u010c? Co podnikatel\u00e9, kte\u0159\u00ed maj\u00ed na sv\u00fdch bedrech chod men\u0161\u00edch i v\u011bt\u0161\u00edch firem?Obra\u0165te se na n\u00e1sPovinnost\u00ed v\u0161ech t\u011bchto subjekt\u016f je hned cel\u00e1 \u0159ada. N\u011bkter\u00e9 z nich jsou pro v\u0161echny spole\u010dn\u00e9, ta nejz\u00e1kladn\u011bj\u0161\u00ed z nich, jej\u00ed\u017e spln\u011bn\u00ed je po\u017eadov\u00e1no ka\u017ed\u00fd rok, je pod\u00e1n\u00ed da\u0148ov\u00e9ho p\u0159izn\u00e1n\u00ed. Nechcete-li tr\u00e1vit bezesn\u00e9 noci a ztr\u00e1cet se v internetov\u00fdch vln\u00e1ch mixu star\u00fdch a nov\u00fdch informac\u00ed, obra\u0165te se rad\u011bji na zku\u0161en\u00e9 profesion\u00e1ly. P\u0159ijedou si a\u017e k V\u00e1m pro nezbytn\u00e9 doklady a v\u0161e p\u0159iprav\u00ed, v\u010detn\u011b v\u010dasn\u00e9ho pod\u00e1n\u00ed.                                                                                                                                                                                                                                                                                                                                                                                        3.7\/5 - (3 votes)        "},{"@context":"https:\/\/schema.org\/","@type":"BreadcrumbList","itemListElement":[{"@type":"ListItem","position":1,"name":"Abyste mohli klidn\u011b sp\u00e1t","item":"https:\/\/www.cortar.cz\/abyste-mohli-klidne-spat\/#breadcrumbitem"}]}]